{"id":11753,"date":"2024-02-05T00:30:00","date_gmt":"2024-02-05T03:30:00","guid":{"rendered":"https:\/\/diariorepublica.com.ar\/web\/?p=11753"},"modified":"2024-02-05T07:41:49","modified_gmt":"2024-02-05T10:41:49","slug":"newells-le-gano-a-belgrano-y-es-lider-con-puntaje-ideal","status":"publish","type":"post","link":"https:\/\/diariorepublica.com.ar\/web\/index.php\/deportes\/2024\/02\/05\/newells-le-gano-a-belgrano-y-es-lider-con-puntaje-ideal\/","title":{"rendered":"Newell&#8217;s le gan\u00f3 a Belgrano y es l\u00edder con puntaje ideal"},"content":{"rendered":"<article id=\"article-post\" class=\"first\">\n<div class=\"cuerpo\" data-twitter-link=\"https:\/\/twitter.com\/intent\/tweet?url=https:\/\/www.diariopopular.com.ar\/c771145&amp;via=poopulardiario&amp;related=Popular&amp;text=\">\n<p>En Rosario se ilusionan,\u00a0<strong>Newell&#8217;s<\/strong>\u00a0le gan\u00f3 1 a 0 a\u00a0<strong>Belgrano<\/strong>\u00a0y es puntero de la Zona B de la\u00a0<strong>Copa de La Liga Profesional<\/strong>\u00a0con puntaje ideal.<strong>\u00a0Mauricio Larriera<\/strong>, el uruguayo que lleg\u00f3 con pocas luces, comienza a ser querido por los leprosos que sue\u00f1an en grande. En C\u00f3rdoba, se preocupan ya que por el momento el equipo de\u00a0<strong>Guillermo Farr\u00e9<\/strong> no puede ganar.<\/p>\n<\/div>\n<\/article>\n<article id=\"article-post\">\n<div class=\"cuerpo\" data-twitter-link=\"https:\/\/twitter.com\/intent\/tweet?url=https:\/\/www.diariopopular.com.ar\/c771145&amp;via=poopulardiario&amp;related=Popular&amp;text=\">\n<p>Un partido en que se encontraban dos realidades distintas. El local llegaba con puntaje ideal y como l\u00edder de la Zona B y el Pirata con una derrota ante Estudiantes sobre la hora y un empate ante San Lorenzo.<\/p>\n<p>Los primeros 45 minutos reflejaron un poco la tabla de posiciones y la actualidad de cada equipo. Newell&#8217;s fue mejor, tuvo la pelota y lleg\u00f3 en varias ocasiones cerca del arco de Nahuel Losada, que se revolc\u00f3 m\u00e1s de una vez, pero no pudo concretar el primero. La visita tuvo alguna que otra llegada de forma espor\u00e1dica de contragolpe, su principal arma.<\/p>\n<p>Y cuando Farr\u00e9 hab\u00eda movido piezas y su equipo hab\u00eda mejorado su versi\u00f3n equilibrando un poco el partido, apareci\u00f3<strong>\u00a0Ever Banega, que comienza a hacer unas de las figuras de la Copa de la Liga en su vuelta al f\u00fatbol argentino, para poner una pelota a la cabeza de Juan Ram\u00edrez y el uruguayo marc\u00f3 el gol de la victoria con un frentazo.<\/strong><\/p>\n<p>Newell&#8217;s se apunta como candidato. No solo lo respaldan los n\u00fameros, tambi\u00e9n juega bien. Tiene grandes rendimientos y un capit\u00e1n, l\u00edder y figura como Banega que maneja las riendas del equipo. Belgrano deber\u00e1 mejorar para no quedar lejos de los puestos de arriba y dar pelea ahora que se aproxima el inicio de la Copa Sudamericana.<\/p>\n<\/div>\n<\/article>\n","protected":false},"excerpt":{"rendered":"<p>En Rosario se ilusionan,\u00a0Newell&#8217;s\u00a0le gan\u00f3 1 a 0 a\u00a0Belgrano\u00a0y es puntero de la Zona B de la\u00a0Copa de La Liga<\/p>\n","protected":false},"author":1,"featured_media":11754,"comment_status":"closed","ping_status":"closed","sticky":false,"template":"","format":"standard","meta":{"footnotes":"","jetpack_publicize_message":"","jetpack_publicize_feature_enabled":true,"jetpack_social_post_already_shared":true,"jetpack_social_options":{"image_generator_settings":{"template":"highway","enabled":false},"version":2}},"categories":[9],"tags":[],"class_list":["post-11753","post","type-post","status-publish","format-standard","has-post-thumbnail","hentry","category-deportes"],"jetpack_publicize_connections":[],"_links":{"self":[{"href":"https:\/\/diariorepublica.com.ar\/web\/index.php\/wp-json\/wp\/v2\/posts\/11753"}],"collection":[{"href":"https:\/\/diariorepublica.com.ar\/web\/index.php\/wp-json\/wp\/v2\/posts"}],"about":[{"href":"https:\/\/diariorepublica.com.ar\/web\/index.php\/wp-json\/wp\/v2\/types\/post"}],"author":[{"embeddable":true,"href":"https:\/\/diariorepublica.com.ar\/web\/index.php\/wp-json\/wp\/v2\/users\/1"}],"replies":[{"embeddable":true,"href":"https:\/\/diariorepublica.com.ar\/web\/index.php\/wp-json\/wp\/v2\/comments?post=11753"}],"version-history":[{"count":1,"href":"https:\/\/diariorepublica.com.ar\/web\/index.php\/wp-json\/wp\/v2\/posts\/11753\/revisions"}],"predecessor-version":[{"id":11755,"href":"https:\/\/diariorepublica.com.ar\/web\/index.php\/wp-json\/wp\/v2\/posts\/11753\/revisions\/11755"}],"wp:featuredmedia":[{"embeddable":true,"href":"https:\/\/diariorepublica.com.ar\/web\/index.php\/wp-json\/wp\/v2\/media\/11754"}],"wp:attachment":[{"href":"https:\/\/diariorepublica.com.ar\/web\/index.php\/wp-json\/wp\/v2\/media?parent=11753"}],"wp:term":[{"taxonomy":"category","embeddable":true,"href":"https:\/\/diariorepublica.com.ar\/web\/index.php\/wp-json\/wp\/v2\/categories?post=11753"},{"taxonomy":"post_tag","embeddable":true,"href":"https:\/\/diariorepublica.com.ar\/web\/index.php\/wp-json\/wp\/v2\/tags?post=11753"}],"curies":[{"name":"wp","href":"https:\/\/api.w.org\/{rel}","templated":true}]}}