{"id":11759,"date":"2024-02-05T00:43:00","date_gmt":"2024-02-05T03:43:00","guid":{"rendered":"https:\/\/diariorepublica.com.ar\/web\/?p=11759"},"modified":"2024-02-05T07:44:13","modified_gmt":"2024-02-05T10:44:13","slug":"daniel-scioli-defendio-su-ingreso-al-gobierno-de-milei","status":"publish","type":"post","link":"https:\/\/diariorepublica.com.ar\/web\/index.php\/nacionales\/2024\/02\/05\/daniel-scioli-defendio-su-ingreso-al-gobierno-de-milei\/","title":{"rendered":"Daniel Scioli defendi\u00f3 su ingreso al Gobierno de Milei"},"content":{"rendered":"<article id=\"article-post\" class=\"first\">\n<div class=\"cuerpo\" data-twitter-link=\"https:\/\/twitter.com\/intent\/tweet?url=https:\/\/www.diariopopular.com.ar\/c771044&amp;via=poopulardiario&amp;related=Popular&amp;text=\">\n<p><strong>El secretario de Turismo, Deportes y Medio Ambiente<\/strong>,<strong>\u00a0Daniel Scioli,<\/strong>\u00a0afirm\u00f3 este domingo que acept\u00f3 incorporarse al gabinete de Javier Milei\u00a0<strong>para \u00abcolaborar\u00bb en un \u00e1rea cuyo objetivo es \u00abgenerar trabajo y divisas genuinas\u00bb y, ante las cr\u00edticas de dirigentes del peronismo, destac\u00f3 que \u00absiempre\u00bb estuvo \u00abdispuesto a ayudar en los momentos dif\u00edciles\u00bb<\/strong>\u00a0del pa\u00eds.<\/p>\n<\/div>\n<\/article>\n<article id=\"article-post\">\n<div class=\"cuerpo\" data-twitter-link=\"https:\/\/twitter.com\/intent\/tweet?url=https:\/\/www.diariopopular.com.ar\/c771044&amp;via=poopulardiario&amp;related=Popular&amp;text=\">\n<p>\u00abTomo esta etapa con un gran compromiso. Tengo fe que el pa\u00eds va a salir adelante. Quiero colaborar y ayudar con mi experiencia. Escuch\u00e9 que a algunos les llamaba la atenci\u00f3n. Siempre han visto de mi parte que estoy dispuesto a ayudar, particularmente, en los momentos dif\u00edciles\u00bb, expres\u00f3.<\/p>\n<p>En declaraciones a Radio Mitre, Scioli indic\u00f3 que las cr\u00edticas que recibi\u00f3 en los \u00faltimos d\u00edas tras aceptar la propuesta de incorporarse al Gobierno bajo la \u00f3rbita del ministro del Interior,\u00a0<strong>Guillermo Francos,<\/strong>\u00a0se debieron a su voluntad de \u00abtrabajar\u00bb y a la decisi\u00f3n de abandonar la \u00abtranquilidad\u00bb que pod\u00eda significar permanecer en el cargo de embajador argentino en Brasil, puesto que dej\u00f3 para asumir al frente de la Secretar\u00eda de Turismo.<\/p>\n<p><strong>\u00ab\u00bfEst\u00e1 mal querer ayudar y colaborar? Dije &#8216;Este es el momento&#8217; y en eso estuvieron de acuerdo el ministro Francos y el presidente Milei\u00bb<\/strong>, sostuvo.<\/p>\n<h6>El v\u00ednculo de Scioli con Milei<\/h6>\n<p>Scioli, que fue vicepresidente de N\u00e9stor Kirchner (2003-2007) y gobernador bonaerense por el Frente para la Victoria (2007-2015), coment\u00f3 que \u00abdesde hace ocho a\u00f1os\u00bb mantiene un \u00abv\u00ednculo\u00bb con el presidente Milei.<\/p>\n<p><strong>\u00abTengo afecto, respeto y reconocimiento por c\u00f3mo \u00e9l interpret\u00f3 una voluntad de cambio de la sociedad y tiene ahora esa misi\u00f3n de cumplir con las expectativas\u00bb<\/strong>, evalu\u00f3.<\/p>\n<p>En ese sentido, consider\u00f3 que Milei impuls\u00f3 la denominada Ley \u00abBases\u00bb en el Congreso para afrontar \u00abm\u00faltiples dificultades que atraviesa el pa\u00eds\u00bb, y resalt\u00f3 que frente al debate parlamentario que se dio en las \u00faltimas semanas en la C\u00e1mara de Diputados, el Presidente \u00abse abri\u00f3 y escuch\u00f3\u00bb las sugerencias y cambios propuestos por la oposici\u00f3n \u00absin perder el objetivo y el rumbo hacia el futuro\u00bb.<\/p>\n<p>\u00abLo que estamos viendo es una oposici\u00f3n que plantea desde distintos puntos de vista y un oficialismo que le da atenci\u00f3n.\u00a0<strong>Tengo fe que el pa\u00eds va a salir adelante si tenemos una conciencia colectiva de d\u00f3nde venimos, d\u00f3nde estamos y hacia d\u00f3nde vamos\u00bb<\/strong>, analiz\u00f3.<\/p>\n<h6>Las cosas no se solucionan de un d\u00eda para otro<\/h6>\n<p>Scioli pidi\u00f3 a la sociedad que \u00abtenga en cuenta\u00bb que \u00ablas cosas no se pueden solucionar de un d\u00eda para el otro\u00bb y afirm\u00f3 que \u00abla inflaci\u00f3n va a ir bajando\u00bb por medio de pol\u00edticas que garanticen \u00abel equilibrio fiscal\u00bb.<\/p>\n<p>El flamante funcionario, que el a\u00f1o pasado se hab\u00eda postulado como precandidato a presidente de la coalici\u00f3n peronista Uni\u00f3n por la Patria (UxP) para competir en las primarias de 2023, una aspiraci\u00f3n de la que finalmente desisti\u00f3, asegur\u00f3 que a los 67 a\u00f1os no tiene \u00abninguna aspiraci\u00f3n pol\u00edtica electoral m\u00e1s\u00bb.<\/p>\n<p>Y agreg\u00f3:\u00a0<strong>\u00abMi tiempo en la pol\u00edtica electoral termin\u00f3 cuando no se dieron las condiciones para competir en esas PASO; esto lo sabe muy bien el Presidente.<\/strong>\u00a0Lo que quiero es colaborar, ayudar, aportar mi experiencia. Si soy criticado por eso, bueno, me quedo tranquilo de que estoy haciendo lo que yo siento\u00bb, finaliz\u00f3.<\/p>\n<\/div>\n<\/article>\n","protected":false},"excerpt":{"rendered":"<p>El secretario de Turismo, Deportes y Medio Ambiente,\u00a0Daniel Scioli,\u00a0afirm\u00f3 este domingo que acept\u00f3 incorporarse al gabinete de Javier Milei\u00a0para \u00abcolaborar\u00bb<\/p>\n","protected":false},"author":1,"featured_media":11760,"comment_status":"closed","ping_status":"closed","sticky":false,"template":"","format":"standard","meta":{"footnotes":"","jetpack_publicize_message":"","jetpack_publicize_feature_enabled":true,"jetpack_social_post_already_shared":true,"jetpack_social_options":{"image_generator_settings":{"template":"highway","enabled":false},"version":2}},"categories":[4],"tags":[],"class_list":["post-11759","post","type-post","status-publish","format-standard","has-post-thumbnail","hentry","category-nacionales"],"jetpack_publicize_connections":[],"_links":{"self":[{"href":"https:\/\/diariorepublica.com.ar\/web\/index.php\/wp-json\/wp\/v2\/posts\/11759"}],"collection":[{"href":"https:\/\/diariorepublica.com.ar\/web\/index.php\/wp-json\/wp\/v2\/posts"}],"about":[{"href":"https:\/\/diariorepublica.com.ar\/web\/index.php\/wp-json\/wp\/v2\/types\/post"}],"author":[{"embeddable":true,"href":"https:\/\/diariorepublica.com.ar\/web\/index.php\/wp-json\/wp\/v2\/users\/1"}],"replies":[{"embeddable":true,"href":"https:\/\/diariorepublica.com.ar\/web\/index.php\/wp-json\/wp\/v2\/comments?post=11759"}],"version-history":[{"count":1,"href":"https:\/\/diariorepublica.com.ar\/web\/index.php\/wp-json\/wp\/v2\/posts\/11759\/revisions"}],"predecessor-version":[{"id":11761,"href":"https:\/\/diariorepublica.com.ar\/web\/index.php\/wp-json\/wp\/v2\/posts\/11759\/revisions\/11761"}],"wp:featuredmedia":[{"embeddable":true,"href":"https:\/\/diariorepublica.com.ar\/web\/index.php\/wp-json\/wp\/v2\/media\/11760"}],"wp:attachment":[{"href":"https:\/\/diariorepublica.com.ar\/web\/index.php\/wp-json\/wp\/v2\/media?parent=11759"}],"wp:term":[{"taxonomy":"category","embeddable":true,"href":"https:\/\/diariorepublica.com.ar\/web\/index.php\/wp-json\/wp\/v2\/categories?post=11759"},{"taxonomy":"post_tag","embeddable":true,"href":"https:\/\/diariorepublica.com.ar\/web\/index.php\/wp-json\/wp\/v2\/tags?post=11759"}],"curies":[{"name":"wp","href":"https:\/\/api.w.org\/{rel}","templated":true}]}}