{"id":11813,"date":"2024-02-08T07:43:15","date_gmt":"2024-02-08T10:43:15","guid":{"rendered":"https:\/\/diariorepublica.com.ar\/web\/?p=11813"},"modified":"2024-02-08T07:43:18","modified_gmt":"2024-02-08T10:43:18","slug":"a-pedido-del-gobierno-las-petroleras-aumentaran-de-forma-moderada-los-precios-del-combustible","status":"publish","type":"post","link":"https:\/\/diariorepublica.com.ar\/web\/index.php\/economia\/2024\/02\/08\/a-pedido-del-gobierno-las-petroleras-aumentaran-de-forma-moderada-los-precios-del-combustible\/","title":{"rendered":"A pedido del Gobierno, las petroleras aumentar\u00e1n de forma moderada los precios del combustible"},"content":{"rendered":"<p>El Gobierno Nacional les pidi\u00f3 a las petroleras que tengan m\u00e1s moderaci\u00f3n a la hora de aumentar los precios de los combustibles. La decisi\u00f3n se vincula con acompa\u00f1ar la realidad que viven los argentinos, golpeados por la aceleraci\u00f3n inflacionaria y la p\u00e9rdida de poder adquisitivo.<\/p>\n<p>Esta situaci\u00f3n provoca que el cronograma acordado que establec\u00eda llegar a la paridad de exportaci\u00f3n en marzo sea cambiado por uno m\u00e1s extenso. No quiere decir que frenen los aumentos, pero s\u00ed la recomposici\u00f3n de ingresos del sector.<\/p>\n<p>La llegada de la administraci\u00f3n libertaria al poder el 10 de diciembre signific\u00f3 una secuencia de subas aceleradas para los costos de la nafta y el gasoil.<\/p>\n<p>En la Ciudad de Buenos Aires, YPF increment\u00f3 el precio de la nafta Premium en reiteradas oportunidades: un 13% el 25 de noviembre, seguido de un 26,3% el 8 de diciembre y un adicional de 37% el 13 de diciembre. Luego, hubo una nueva suba del 26% y el 1\u00ba de este mes, un ajuste del 6,5%, con una actualizaci\u00f3n de impuestos. Finalmente, este combustible pas\u00f3 de estar $349 a $918 en dos meses, lo que significa un incremento del 163%.<\/p>\n<p>Seg\u00fan el medio Ecojournal, la empresa estatal les dijo a las petroleras no integradas que en marzo no se llegar\u00e1 a la paridad de exportaci\u00f3n como estaba previsto, sino que se realizar\u00e1 de forma lenta. El Palacio de Hacienda, a cargo del ministro Luis Caputo, hizo el pedido.<\/p>\n<p>La baja del avance de los precios ya es un hecho. Aseguran que el \u00faltimo incremento del 6,5% del 1\u00b0 de febrero pasado solo contempl\u00f3 la suba del impuesto a los combustibles y el ajuste tambi\u00e9n al alza que tuvieron los precios de biocombustibles que se utilizan para corte.<\/p>\n<p>Sin embargo, no se tom\u00f3 en cuenta el crawling peg, es decir, la suba paulatina del tipo de cambio oficial. \u00abPor el tipo de cambio los valores quedaron retrasados un 2 por ciento\u00bb, agregaron.<\/p>\n<p>Fuente: NA.<\/p>\n","protected":false},"excerpt":{"rendered":"<p>El Gobierno Nacional les pidi\u00f3 a las petroleras que tengan m\u00e1s moderaci\u00f3n a la hora de aumentar los precios de<\/p>\n","protected":false},"author":1,"featured_media":11662,"comment_status":"closed","ping_status":"closed","sticky":false,"template":"","format":"standard","meta":{"footnotes":"","jetpack_publicize_message":"","jetpack_publicize_feature_enabled":true,"jetpack_social_post_already_shared":true,"jetpack_social_options":{"image_generator_settings":{"template":"highway","enabled":false},"version":2}},"categories":[5],"tags":[],"class_list":["post-11813","post","type-post","status-publish","format-standard","has-post-thumbnail","hentry","category-economia"],"jetpack_publicize_connections":[],"_links":{"self":[{"href":"https:\/\/diariorepublica.com.ar\/web\/index.php\/wp-json\/wp\/v2\/posts\/11813"}],"collection":[{"href":"https:\/\/diariorepublica.com.ar\/web\/index.php\/wp-json\/wp\/v2\/posts"}],"about":[{"href":"https:\/\/diariorepublica.com.ar\/web\/index.php\/wp-json\/wp\/v2\/types\/post"}],"author":[{"embeddable":true,"href":"https:\/\/diariorepublica.com.ar\/web\/index.php\/wp-json\/wp\/v2\/users\/1"}],"replies":[{"embeddable":true,"href":"https:\/\/diariorepublica.com.ar\/web\/index.php\/wp-json\/wp\/v2\/comments?post=11813"}],"version-history":[{"count":1,"href":"https:\/\/diariorepublica.com.ar\/web\/index.php\/wp-json\/wp\/v2\/posts\/11813\/revisions"}],"predecessor-version":[{"id":11814,"href":"https:\/\/diariorepublica.com.ar\/web\/index.php\/wp-json\/wp\/v2\/posts\/11813\/revisions\/11814"}],"wp:featuredmedia":[{"embeddable":true,"href":"https:\/\/diariorepublica.com.ar\/web\/index.php\/wp-json\/wp\/v2\/media\/11662"}],"wp:attachment":[{"href":"https:\/\/diariorepublica.com.ar\/web\/index.php\/wp-json\/wp\/v2\/media?parent=11813"}],"wp:term":[{"taxonomy":"category","embeddable":true,"href":"https:\/\/diariorepublica.com.ar\/web\/index.php\/wp-json\/wp\/v2\/categories?post=11813"},{"taxonomy":"post_tag","embeddable":true,"href":"https:\/\/diariorepublica.com.ar\/web\/index.php\/wp-json\/wp\/v2\/tags?post=11813"}],"curies":[{"name":"wp","href":"https:\/\/api.w.org\/{rel}","templated":true}]}}