{"id":11821,"date":"2024-02-08T08:38:00","date_gmt":"2024-02-08T11:38:00","guid":{"rendered":"https:\/\/diariorepublica.com.ar\/web\/?p=11821"},"modified":"2024-02-08T09:39:37","modified_gmt":"2024-02-08T12:39:37","slug":"arabia-saudita-promete-invertir-en-mineria-y-agroindustrias","status":"publish","type":"post","link":"https:\/\/diariorepublica.com.ar\/web\/index.php\/locales\/2024\/02\/08\/arabia-saudita-promete-invertir-en-mineria-y-agroindustrias\/","title":{"rendered":"Arabia Saudita promete invertir en miner\u00eda y agroindustrias"},"content":{"rendered":"<p><em>Luego de una reuni\u00f3n del Sult\u00e1n Bin Mutlaq Alajmi con el ministro de Ministro de Inclusi\u00f3n Digital y Sistemas Productivos, Juan Cruz Miranda, y su par de Integraci\u00f3n Regional, Log\u00edstica y Transporte, Eduardo Andrada, se\u00a0 anunci\u00f3 la promesa Arabia Saudita de invertir miner\u00eda y proyectos de coordinaci\u00f3n humanitaria.<\/em><\/p>\n<p>El encuentro tuvo lugar en el marco de las gestiones realizadas por el Ministerio de Inclusi\u00f3n Digital y Sistemas Productivos junto al equipo t\u00e9cnico del Ministerio de Integraci\u00f3n Regional, Log\u00edstica y Transporte. En este sentido, las autoridades y representantes se reunieron con la misi\u00f3n de conocer los requerimientos y acordar proyectos estrat\u00e9gicos en la provincia.<\/p>\n<p>El funcionario de la cartera productiva, Juan Cruz Miranda, afirm\u00f3: \u201cesta gesti\u00f3n busca generar oportunidades para ampliar el potencial que nuestra producci\u00f3n provincial ofrece. Estamos centrados en atraer inversiones tanto en el sector minero como en los sectores productivos, con el prop\u00f3sito de fortalecer e integrar cadenas de valor. Es un compromiso hacia el desarrollo sostenible y la generaci\u00f3n de empleo en nuestra regi\u00f3n\u201d.<\/p>\n<p>Los proyectos se enmarcan en una agenda que incluye al sector de infraestructura, agroindustria, en el que se destaca miner\u00eda y proyectos con fines humanitarios. Este acercamiento prioriza el desarrollo de las econom\u00edas regionales. La iniciativa marca un paso significativo hacia el desarrollo sostenible y la colaboraci\u00f3n internacional en la regi\u00f3n<\/p>\n","protected":false},"excerpt":{"rendered":"<p>Luego de una reuni\u00f3n del Sult\u00e1n Bin Mutlaq Alajmi con el ministro de Ministro de Inclusi\u00f3n Digital y Sistemas Productivos,<\/p>\n","protected":false},"author":1,"featured_media":11822,"comment_status":"closed","ping_status":"closed","sticky":false,"template":"","format":"standard","meta":{"footnotes":"","jetpack_publicize_message":"","jetpack_publicize_feature_enabled":true,"jetpack_social_post_already_shared":true,"jetpack_social_options":{"image_generator_settings":{"template":"highway","enabled":false},"version":2}},"categories":[2],"tags":[],"class_list":["post-11821","post","type-post","status-publish","format-standard","has-post-thumbnail","hentry","category-locales"],"jetpack_publicize_connections":[],"_links":{"self":[{"href":"https:\/\/diariorepublica.com.ar\/web\/index.php\/wp-json\/wp\/v2\/posts\/11821"}],"collection":[{"href":"https:\/\/diariorepublica.com.ar\/web\/index.php\/wp-json\/wp\/v2\/posts"}],"about":[{"href":"https:\/\/diariorepublica.com.ar\/web\/index.php\/wp-json\/wp\/v2\/types\/post"}],"author":[{"embeddable":true,"href":"https:\/\/diariorepublica.com.ar\/web\/index.php\/wp-json\/wp\/v2\/users\/1"}],"replies":[{"embeddable":true,"href":"https:\/\/diariorepublica.com.ar\/web\/index.php\/wp-json\/wp\/v2\/comments?post=11821"}],"version-history":[{"count":1,"href":"https:\/\/diariorepublica.com.ar\/web\/index.php\/wp-json\/wp\/v2\/posts\/11821\/revisions"}],"predecessor-version":[{"id":11823,"href":"https:\/\/diariorepublica.com.ar\/web\/index.php\/wp-json\/wp\/v2\/posts\/11821\/revisions\/11823"}],"wp:featuredmedia":[{"embeddable":true,"href":"https:\/\/diariorepublica.com.ar\/web\/index.php\/wp-json\/wp\/v2\/media\/11822"}],"wp:attachment":[{"href":"https:\/\/diariorepublica.com.ar\/web\/index.php\/wp-json\/wp\/v2\/media?parent=11821"}],"wp:term":[{"taxonomy":"category","embeddable":true,"href":"https:\/\/diariorepublica.com.ar\/web\/index.php\/wp-json\/wp\/v2\/categories?post=11821"},{"taxonomy":"post_tag","embeddable":true,"href":"https:\/\/diariorepublica.com.ar\/web\/index.php\/wp-json\/wp\/v2\/tags?post=11821"}],"curies":[{"name":"wp","href":"https:\/\/api.w.org\/{rel}","templated":true}]}}