{"id":1193,"date":"2023-04-11T07:45:05","date_gmt":"2023-04-11T10:45:05","guid":{"rendered":"https:\/\/diariorepublica.com.ar\/web\/?p=1193"},"modified":"2023-04-11T07:45:06","modified_gmt":"2023-04-11T10:45:06","slug":"racing-se-confirmo-la-lesion-de-edwin-cardona","status":"publish","type":"post","link":"https:\/\/diariorepublica.com.ar\/web\/index.php\/deportes\/2023\/04\/11\/racing-se-confirmo-la-lesion-de-edwin-cardona\/","title":{"rendered":"Racing: se confirm\u00f3 la lesi\u00f3n de Edwin Cardona"},"content":{"rendered":"<p>Fin de semana para el olvido en\u00a0<strong>Racing Club<\/strong>, que sufri\u00f3 una dura derrota por 3 a 1 en su visita a Gimnasia de La Plata y le perdi\u00f3 pisada a River y San Lorenzo, que ganaron y se le escaparon en la cima del torneo. Y encima,<strong>\u00a0la Academia sufri\u00f3 la lesi\u00f3n de Edwin Cardona, la cual fue confirmada en las \u00faltimas horas.<\/strong><\/p>\n<p>Seg\u00fan inform\u00f3\u00a0<strong>Racing<\/strong>\u00a0mediante un parte m\u00e9dico en sus redes sociales,\u00a0<strong>Cardona sufri\u00f3 un esguince de grado 2 en su tobillo derecho<\/strong>. Es por eso que en el entrenamiento del lunes, el colombiano realiz\u00f3 fisioterapia.\u00a0<strong>La recuperaci\u00f3n le demandar\u00eda aproximadamente cinco semanas.<\/strong><\/p>\n<div id=\"embed36_wrap\" class=\"embed_cont type_freetext\" contenteditable=\"false\">\n<div id=\"embed36_content\" class=\"embed_content\">\n<div id=\"embed36_embed\">\n<div class=\"twitter-tweet twitter-tweet-rendered\"><iframe id=\"twitter-widget-0\" class=\"\" title=\"Twitter Tweet\" src=\"https:\/\/platform.twitter.com\/embed\/Tweet.html?creatorScreenName=diariopopular&amp;dnt=false&amp;embedId=twitter-widget-0&amp;features=eyJ0ZndfdGltZWxpbmVfbGlzdCI6eyJidWNrZXQiOltdLCJ2ZXJzaW9uIjpudWxsfSwidGZ3X2ZvbGxvd2VyX2NvdW50X3N1bnNldCI6eyJidWNrZXQiOnRydWUsInZlcnNpb24iOm51bGx9LCJ0ZndfdHdlZXRfZWRpdF9iYWNrZW5kIjp7ImJ1Y2tldCI6Im9uIiwidmVyc2lvbiI6bnVsbH0sInRmd19yZWZzcmNfc2Vzc2lvbiI6eyJidWNrZXQiOiJvbiIsInZlcnNpb24iOm51bGx9LCJ0ZndfbWl4ZWRfbWVkaWFfMTU4OTciOnsiYnVja2V0IjoidHJlYXRtZW50IiwidmVyc2lvbiI6bnVsbH0sInRmd19leHBlcmltZW50c19jb29raWVfZXhwaXJhdGlvbiI6eyJidWNrZXQiOjEyMDk2MDAsInZlcnNpb24iOm51bGx9LCJ0ZndfZHVwbGljYXRlX3NjcmliZXNfdG9fc2V0dGluZ3MiOnsiYnVja2V0Ijoib24iLCJ2ZXJzaW9uIjpudWxsfSwidGZ3X3ZpZGVvX2hsc19keW5hbWljX21hbmlmZXN0c18xNTA4MiI6eyJidWNrZXQiOiJ0cnVlX2JpdHJhdGUiLCJ2ZXJzaW9uIjpudWxsfSwidGZ3X2xlZ2FjeV90aW1lbGluZV9zdW5zZXQiOnsiYnVja2V0Ijp0cnVlLCJ2ZXJzaW9uIjpudWxsfSwidGZ3X3R3ZWV0X2VkaXRfZnJvbnRlbmQiOnsiYnVja2V0Ijoib24iLCJ2ZXJzaW9uIjpudWxsfX0%3D&amp;frame=false&amp;hideCard=false&amp;hideThread=false&amp;id=1645423483747287042&amp;lang=en&amp;origin=https%3A%2F%2Fwww.diariopopular.com.ar%2Ffutbol%2Fracing-se-confirmo-la-lesion-edwin-cardona-n707719&amp;sessionId=add80c63d026d4221d20564c14849731e320e4a3&amp;siteScreenName=diariopopular&amp;theme=light&amp;widgetsVersion=aaf4084522e3a%3A1674595607486&amp;width=550px\" frameborder=\"0\" scrolling=\"no\" allowfullscreen=\"allowfullscreen\" data-tweet-id=\"1645423483747287042\" data-gtm-yt-inspected-11=\"true\" data-mce-fragment=\"1\"><\/iframe><\/div>\n<\/div>\n<\/div>\n<div id=\"embed36_epigrafe\" class=\"embed_epigrafe\"><\/div>\n<div id=\"embed36_copyright\" class=\"embed_copyright\"><\/div>\n<\/div>\n<p>Ante este panorama, son varios partidos importantes los que se perder\u00eda el ex Boca y Monterrey, que lleg\u00f3 a Avellaneda a comienzos del 2022:\u00a0<strong>Newell&#8217;s, el cl\u00e1sico con Independiente, Atl\u00e9tico Tucum\u00e1n, Boca y Talleres, por la Liga Profesional, y Aucas y Flamengo por Copa Libertadores, son a priori los encuentros en los que no ser\u00e1 de la partida.<\/strong><\/p>\n<p>De todos modos, la noticia no cae tan mal: en el cuerpo t\u00e9cnico tem\u00edan que se tratara de una lesi\u00f3n \u00f3sea o ligamentaria debido a que\u00a0<strong>Cardona<\/strong>\u00a0abandon\u00f3 la cancha entre l\u00e1grimas y, sin poder pisar, fue cargado por la espalda por un compa\u00f1ero (Mat\u00edas Tagliamonte, arquero suplente) para regresar al vestuario.<\/p>\n","protected":false},"excerpt":{"rendered":"<p>Fin de semana para el olvido en\u00a0Racing Club, que sufri\u00f3 una dura derrota por 3 a 1 en su visita<\/p>\n","protected":false},"author":1,"featured_media":1194,"comment_status":"closed","ping_status":"closed","sticky":false,"template":"","format":"standard","meta":{"footnotes":"","jetpack_publicize_message":"","jetpack_publicize_feature_enabled":true,"jetpack_social_post_already_shared":false,"jetpack_social_options":{"image_generator_settings":{"template":"highway","enabled":false},"version":2}},"categories":[9],"tags":[],"class_list":["post-1193","post","type-post","status-publish","format-standard","has-post-thumbnail","hentry","category-deportes"],"jetpack_publicize_connections":[],"_links":{"self":[{"href":"https:\/\/diariorepublica.com.ar\/web\/index.php\/wp-json\/wp\/v2\/posts\/1193"}],"collection":[{"href":"https:\/\/diariorepublica.com.ar\/web\/index.php\/wp-json\/wp\/v2\/posts"}],"about":[{"href":"https:\/\/diariorepublica.com.ar\/web\/index.php\/wp-json\/wp\/v2\/types\/post"}],"author":[{"embeddable":true,"href":"https:\/\/diariorepublica.com.ar\/web\/index.php\/wp-json\/wp\/v2\/users\/1"}],"replies":[{"embeddable":true,"href":"https:\/\/diariorepublica.com.ar\/web\/index.php\/wp-json\/wp\/v2\/comments?post=1193"}],"version-history":[{"count":1,"href":"https:\/\/diariorepublica.com.ar\/web\/index.php\/wp-json\/wp\/v2\/posts\/1193\/revisions"}],"predecessor-version":[{"id":1195,"href":"https:\/\/diariorepublica.com.ar\/web\/index.php\/wp-json\/wp\/v2\/posts\/1193\/revisions\/1195"}],"wp:featuredmedia":[{"embeddable":true,"href":"https:\/\/diariorepublica.com.ar\/web\/index.php\/wp-json\/wp\/v2\/media\/1194"}],"wp:attachment":[{"href":"https:\/\/diariorepublica.com.ar\/web\/index.php\/wp-json\/wp\/v2\/media?parent=1193"}],"wp:term":[{"taxonomy":"category","embeddable":true,"href":"https:\/\/diariorepublica.com.ar\/web\/index.php\/wp-json\/wp\/v2\/categories?post=1193"},{"taxonomy":"post_tag","embeddable":true,"href":"https:\/\/diariorepublica.com.ar\/web\/index.php\/wp-json\/wp\/v2\/tags?post=1193"}],"curies":[{"name":"wp","href":"https:\/\/api.w.org\/{rel}","templated":true}]}}