{"id":11941,"date":"2024-02-15T00:15:00","date_gmt":"2024-02-15T03:15:00","guid":{"rendered":"https:\/\/diariorepublica.com.ar\/web\/?p=11941"},"modified":"2024-02-15T07:16:20","modified_gmt":"2024-02-15T10:16:20","slug":"festivales-y-yapa-de-carnavales-en-el-tercer-fin-de-semana-de-febrero","status":"publish","type":"post","link":"https:\/\/diariorepublica.com.ar\/web\/index.php\/locales\/2024\/02\/15\/festivales-y-yapa-de-carnavales-en-el-tercer-fin-de-semana-de-febrero\/","title":{"rendered":"<strong>Festivales y yapa de carnavales en el tercer fin de semana de febrero<\/strong>"},"content":{"rendered":"<p style=\"font-weight: 400;\">El pr\u00f3ximo fin de semana la agenda de festivales viene con yapa de carnavales para los que a\u00fan no lo pueden soltar. Adem\u00e1s, habr\u00e1 un Encuentro de Pueblos Originarios, Destrezas Gauchas y fiestas tradicionales que se celebran en la provincia.<\/p>\n<p style=\"font-weight: 400;\">\n<p style=\"font-weight: 400;\">El viernes 16 de febrero desde el mediod\u00eda y durante toda la jornada se realizar\u00e1 el Encuentro de Los Pueblos Originarios, en el Camping El Encuentro, en Colpes, La Puerta que tendr\u00e1 juegos tradicionales y por la noche un espect\u00e1culo con artistas locales y provinciales, y en Miraflores se realizar\u00e1 desde las 22 hs en el complejo cultural y deportivo Jorge Luis Borges el Festival del Dulce Casero.<\/p>\n<p style=\"font-weight: 400;\">\n<p style=\"font-weight: 400;\">El s\u00e1bado 17 desde las 12 hs en el Camping El Arenal, en Huaycama se llevar\u00e1 a cabo el 6to Encuentro Gaucho; y en El Taco, Ancasti habr\u00e1 Destrezas Gauchas. El mismo d\u00eda se desarrollar\u00e1n numerosos festivales en distintos puntos de la provincia. En La Puntilla, Tinogasta se realizar\u00e1 el Festival de la Chaya, y en Ampajango, en San Jos\u00e9 de Santa Mar\u00eda, el Festival del Bagual.<\/p>\n<p style=\"font-weight: 400;\">\n<p style=\"font-weight: 400;\">La Agenda de Carnavales contin\u00faa este mi\u00e9rcoles 14 de febrero con el \u201cCarnaval Jazzero\u201d que a las 19hs se desplazar\u00e1 en la capital provincial desde Plaza 25 de Agosto hasta la Glorieta de Plaza 25 de Mayo con m\u00fasica y mucho ritmo. Y el jueves se presentar\u00e1n LBC &amp; Eugenia Quevedo, en Colpes Carnaval 2024.<\/p>\n<p style=\"font-weight: 400;\">\n<p style=\"font-weight: 400;\">El viernes habr\u00e1 desfile de comparsas en los corsos en Loro Huasi, Santa Mar\u00eda, se realizar\u00e1 el Festival de los Carnavales en Rinc\u00f3n de Ipizca, Ancasti y \u201cResonancia, El Carnaval\u201d desde las 21hs en el Centro Tecnol\u00f3gico de Valle Viejo.<\/p>\n<p style=\"font-weight: 400;\">\n<p style=\"font-weight: 400;\">El s\u00e1bado el carnaval comenzar\u00e1 a despedirse con el entierro que se har\u00e1 a las 10hs en la Casa de la Cultura (San Mart\u00edn 533) y por la tarde, desde las 17 hs en la \u201cChaya de las Comadres\u201d en el espacio Cachalahueca, al lado del Teatro del Sur. Mientras tanto, en Santa Mar\u00eda Ciudad, habr\u00e1 corsos.<\/p>\n<p style=\"font-weight: 400;\">\n<p style=\"font-weight: 400;\">En los Valles Calchaqu\u00edes el domingo 18 de febrero se realizar\u00e1 el entierro de carnaval en San Jos\u00e9, Santa Mar\u00eda; y en Puerta de San Jos\u00e9, Bel\u00e9n, se llevar\u00e1 a cabo el Carnaval de la Chaya del Chimbote a las 16 hs. en el Complejo Agua Clara. En la Capital a las 18.30 hs comenzar\u00e1 el Carnaval de Villa Cubas en la Plaza de Villa Cubas.<\/p>\n<p style=\"font-weight: 400;\">\n<p style=\"font-weight: 400;\"><strong>M\u00e1s actividades<\/strong><\/p>\n<p style=\"font-weight: 400;\">\n<p style=\"font-weight: 400;\">El mi\u00e9rcoles 14 el Cine M\u00f3vil estar\u00e1 en el barrio Espa\u00f1a en Huillapima. El viernes 16 en Tinogasta habr\u00e1 trekking a La Salamanca, el punto de encuentro ser\u00e1 en la Plaza Principal. En tanto, el s\u00e1bado se desarrollar\u00e1 la feria gastron\u00f3mica \u201cSaboreando lo Nuestro\u201d, en la Plaza Jes\u00fas de Nazaret en Copacabana y en El Rodeo a las 9hs en el Polideportivo Municipal partir\u00e1 la Cabalgata de la Confraternidad.<\/p>\n<p style=\"font-weight: 400;\">\n<p style=\"font-weight: 400;\">El programa POSTA! Disfrut\u00e1 el verano impulsado por el Ministerio de Cultura, Turismo y Deporte de la provincia, visitar\u00e1 el pr\u00f3ximo fin de semana Saujil, Los Varela y Valle Viejo con actividades deportivas, culturales y de promoci\u00f3n tur\u00edstica.<\/p>\n<p style=\"font-weight: 400;\">\n<p style=\"font-weight: 400;\">El viernes 16, desde las 15 hs estar\u00e1 en Saujil en el Balneario Municipal; el s\u00e1bado 17 a las 17.30 hs en el Camping La Esquina en Los Varela, y el domingo 18 a las 20hs en la Plaza del Aborigen en Valle Viejo en el marco del ciclo Domingos de Verano que se lleva adelante en ese municipio.<\/p>\n","protected":false},"excerpt":{"rendered":"<p>El pr\u00f3ximo fin de semana la agenda de festivales viene con yapa de carnavales para los que a\u00fan no lo<\/p>\n","protected":false},"author":1,"featured_media":11942,"comment_status":"closed","ping_status":"closed","sticky":false,"template":"","format":"standard","meta":{"footnotes":"","jetpack_publicize_message":"","jetpack_publicize_feature_enabled":true,"jetpack_social_post_already_shared":true,"jetpack_social_options":{"image_generator_settings":{"template":"highway","enabled":false},"version":2}},"categories":[2],"tags":[],"class_list":["post-11941","post","type-post","status-publish","format-standard","has-post-thumbnail","hentry","category-locales"],"jetpack_publicize_connections":[],"_links":{"self":[{"href":"https:\/\/diariorepublica.com.ar\/web\/index.php\/wp-json\/wp\/v2\/posts\/11941"}],"collection":[{"href":"https:\/\/diariorepublica.com.ar\/web\/index.php\/wp-json\/wp\/v2\/posts"}],"about":[{"href":"https:\/\/diariorepublica.com.ar\/web\/index.php\/wp-json\/wp\/v2\/types\/post"}],"author":[{"embeddable":true,"href":"https:\/\/diariorepublica.com.ar\/web\/index.php\/wp-json\/wp\/v2\/users\/1"}],"replies":[{"embeddable":true,"href":"https:\/\/diariorepublica.com.ar\/web\/index.php\/wp-json\/wp\/v2\/comments?post=11941"}],"version-history":[{"count":1,"href":"https:\/\/diariorepublica.com.ar\/web\/index.php\/wp-json\/wp\/v2\/posts\/11941\/revisions"}],"predecessor-version":[{"id":11943,"href":"https:\/\/diariorepublica.com.ar\/web\/index.php\/wp-json\/wp\/v2\/posts\/11941\/revisions\/11943"}],"wp:featuredmedia":[{"embeddable":true,"href":"https:\/\/diariorepublica.com.ar\/web\/index.php\/wp-json\/wp\/v2\/media\/11942"}],"wp:attachment":[{"href":"https:\/\/diariorepublica.com.ar\/web\/index.php\/wp-json\/wp\/v2\/media?parent=11941"}],"wp:term":[{"taxonomy":"category","embeddable":true,"href":"https:\/\/diariorepublica.com.ar\/web\/index.php\/wp-json\/wp\/v2\/categories?post=11941"},{"taxonomy":"post_tag","embeddable":true,"href":"https:\/\/diariorepublica.com.ar\/web\/index.php\/wp-json\/wp\/v2\/tags?post=11941"}],"curies":[{"name":"wp","href":"https:\/\/api.w.org\/{rel}","templated":true}]}}