{"id":11964,"date":"2024-02-15T00:01:00","date_gmt":"2024-02-15T03:01:00","guid":{"rendered":"https:\/\/diariorepublica.com.ar\/web\/?p=11964"},"modified":"2024-02-15T07:53:26","modified_gmt":"2024-02-15T10:53:26","slug":"la-inflacion-de-enero-fue-de-206-y-acumulo-2542-en-los-ultimos-12-meses","status":"publish","type":"post","link":"https:\/\/diariorepublica.com.ar\/web\/index.php\/economia\/2024\/02\/15\/la-inflacion-de-enero-fue-de-206-y-acumulo-2542-en-los-ultimos-12-meses\/","title":{"rendered":"La inflaci\u00f3n de enero fue de 20,6% y acumul\u00f3 254,2% en los \u00faltimos 12 meses"},"content":{"rendered":"<p><strong>La\u00a0inflaci\u00f3n\u00a0fue del 20,6% en enero\u00a0<\/strong>y en un a\u00f1o\u00a0<strong>alcanz\u00f3 el 254,2%<\/strong>, inform\u00f3 el\u00a0<strong>INDEC<\/strong>.\u00a0La divisi\u00f3n de mayor aumento en el mes fue\u00a0<strong>Bienes y servicios varios (44,4%)<\/strong>, producto del incremento en art\u00edculos de Cuidado personal.<\/p>\n<p>Le siguieron\u00a0<strong>Transporte (26,3%)<\/strong>\u00a0\u2013por las subas en transporte p\u00fablico y el arrastre del aumento de combustibles\u2013 y\u00a0<strong>Comunicaci\u00f3n (25,1%)<\/strong>.<\/p>\n<p><img decoding=\"async\" src=\"https:\/\/www.canal26.com\/media\/image\/2024\/02\/14\/588567.jpg\" alt=\"Inflaci\u00f3n. Fuente: Indec\" \/><span class=\"figcaption epigraph_text\">Inflaci\u00f3n. Fuente: Indec<\/span><\/p>\n<p>La divisi\u00f3n con mayor incidencia en todas las regiones fue<strong>\u00a0Alimentos\u00a0y bebidas no alcoh\u00f3licas (20,4%).\u00a0<\/strong>Al interior de la divisi\u00f3n se destacan las\u00a0<strong>subas de Carnes y derivados y Pan y cereales.<\/strong><\/p>\n<p>Las dos divisiones que registraron las menores variaciones en enero fueron\u00a0<strong>Prendas de vestir y calzado (11,9%) y Educaci\u00f3n (0,9%).<\/strong><\/p>\n<div class=\"relative flex items-center justify-center\">\n<div class=\"z-10\">\n<div id=\"InRead\"><\/div>\n<\/div>\n<\/div>\n<p>A nivel de las categor\u00edas,\u00a0<strong>Regulados (26,6%) lider\u00f3 el aumento seguida por el IPC N\u00facleo (20,2%),<\/strong>\u00a0mientras que Estacionales registr\u00f3 un incremento de 16,2%.<\/p>\n<h6><strong>Inflaci\u00f3n de febrero: \u00bfqu\u00e9 espera el mercado?<\/strong><\/h6>\n<p><strong>La inflaci\u00f3n de enero se ubic\u00f3 apenas por debajo de la proyecci\u00f3n del mercado<\/strong>. En ese escenario, el mercado \u00abviene descontando\u00bb la desaceleraci\u00f3n de la variaci\u00f3n de precios.<\/p>\n<p>\u00abEl mercado viene descontando la desaceleraci\u00f3n de la inflaci\u00f3n desde mediados de enero cuando comenzaron a publicarse los indicadores de alta frecuencia por debajo de lo esperado. Hoy las expectativas rondan los 15% para febrero y 10% para marzo\u00bb, se\u00f1al\u00f3 Paula Gandara,\u00a0<strong>CIO de Asset Manangment de Adcap Grupo Financiero<\/strong>.<\/p>\n<p>Por otro lado, el\u00a0<strong>informe de C&amp;T Asesores<\/strong>\u00a0resalta que de cara al segundo mes del a\u00f1o existe un \u00ab<strong>gran impacto<\/strong>\u00bb en el\u00a0<strong>tarifazo al transporte p\u00fablico<\/strong>,\u00a0<strong>las prepagas<\/strong>\u00a0y\u00a0<strong>las expensas de edificios<\/strong>. Sobre\u00a0<strong>alimentos y bebidas<\/strong>, a\u00f1ade que \u00abluego de una importante moderaci\u00f3n semanal a lo largo de enero, se registra un mayor dinamismo desde el comienzo del mes, en bebidas durante la primera semana y en alimentos en la segunda\u00bb.<\/p>\n<p><strong>\u00abPreliminarmente, la inflaci\u00f3n del mes podr\u00eda ubicarse en torno al 14%\u00bb<\/strong>, vaticina la consultora.<\/p>\n<p>En tanto, desde Eco Go,\u00a0<strong>Bisang advierte que la devastaci\u00f3n del poder adquisitivo<\/strong>, que llev\u00f3 a la\u00a0<a href=\"https:\/\/www.ambito.com\/economia\/consumo-el-piso-la-caida-ventas-fue-mayor-la-la-pandemia-el-desplome-del-salario-n5945189\" target=\"_blank\" rel=\"follow noopener\">ca\u00edda de la demanda<\/a>\u00a0y fue uno de los pilares fundamentales para la desaceleraci\u00f3n inflacionaria, \u00abno est\u00e1 exento de riesgos\u00bb. Entre las posibles amenazas precisa las \u00ab<strong>paritarias cada vez m\u00e1s cortas<\/strong>,\u00a0<strong>potencial conflictividad social<\/strong>,\u00a0<strong>falta de oportunidades para colocar los pesos<\/strong>\u00a0que, combinadas con la incertidumbre sobre una nueva correcci\u00f3n del tipo de cambio frente a la p\u00e9rdida de competitividad del TC real, pueden presionar sobre los tipos de cambio paralelos; y la\u00a0<strong>capacidad de negociaci\u00f3n con la pol\u00edtica para impulsar reformas<\/strong>\u00ab.<\/p>\n<p>Frente a las previsiones m\u00e1s positivas respecto a la inflaci\u00f3n, el comunicado del Ministerio de Econom\u00eda menciona que \u00abel programa econ\u00f3mico llevado adelante apunta a sostener y\u00a0<strong>profundizar este escenario de desinflaci\u00f3n<\/strong>\u00ab. En ese sentido, explica:\u00a0<strong>\u00abLa combinaci\u00f3n de ancla fiscal, monetaria y cambiaria, y la normalizaci\u00f3n en el comercio exterior aseguran una trayectoria inflacionaria decreciente\u00bb<\/strong>.<\/p>\n<p>\u00abLa estabilizaci\u00f3n macroecon\u00f3mica, fundada en el equilibrio financiero y el sinceramiento de precios relativos, es condici\u00f3n necesaria para que la econom\u00eda argentina ingrese en un sendero virtuoso de crecimiento del salario real y generaci\u00f3n de empleo de calidad\u00bb, concluye.<\/p>\n","protected":false},"excerpt":{"rendered":"<p>La\u00a0inflaci\u00f3n\u00a0fue del 20,6% en enero\u00a0y en un a\u00f1o\u00a0alcanz\u00f3 el 254,2%, inform\u00f3 el\u00a0INDEC.\u00a0La divisi\u00f3n de mayor aumento en el mes fue\u00a0Bienes<\/p>\n","protected":false},"author":1,"featured_media":11965,"comment_status":"closed","ping_status":"closed","sticky":false,"template":"","format":"standard","meta":{"footnotes":"","jetpack_publicize_message":"","jetpack_publicize_feature_enabled":true,"jetpack_social_post_already_shared":true,"jetpack_social_options":{"image_generator_settings":{"template":"highway","enabled":false},"version":2}},"categories":[5],"tags":[],"class_list":["post-11964","post","type-post","status-publish","format-standard","has-post-thumbnail","hentry","category-economia"],"jetpack_publicize_connections":[],"_links":{"self":[{"href":"https:\/\/diariorepublica.com.ar\/web\/index.php\/wp-json\/wp\/v2\/posts\/11964"}],"collection":[{"href":"https:\/\/diariorepublica.com.ar\/web\/index.php\/wp-json\/wp\/v2\/posts"}],"about":[{"href":"https:\/\/diariorepublica.com.ar\/web\/index.php\/wp-json\/wp\/v2\/types\/post"}],"author":[{"embeddable":true,"href":"https:\/\/diariorepublica.com.ar\/web\/index.php\/wp-json\/wp\/v2\/users\/1"}],"replies":[{"embeddable":true,"href":"https:\/\/diariorepublica.com.ar\/web\/index.php\/wp-json\/wp\/v2\/comments?post=11964"}],"version-history":[{"count":1,"href":"https:\/\/diariorepublica.com.ar\/web\/index.php\/wp-json\/wp\/v2\/posts\/11964\/revisions"}],"predecessor-version":[{"id":11966,"href":"https:\/\/diariorepublica.com.ar\/web\/index.php\/wp-json\/wp\/v2\/posts\/11964\/revisions\/11966"}],"wp:featuredmedia":[{"embeddable":true,"href":"https:\/\/diariorepublica.com.ar\/web\/index.php\/wp-json\/wp\/v2\/media\/11965"}],"wp:attachment":[{"href":"https:\/\/diariorepublica.com.ar\/web\/index.php\/wp-json\/wp\/v2\/media?parent=11964"}],"wp:term":[{"taxonomy":"category","embeddable":true,"href":"https:\/\/diariorepublica.com.ar\/web\/index.php\/wp-json\/wp\/v2\/categories?post=11964"},{"taxonomy":"post_tag","embeddable":true,"href":"https:\/\/diariorepublica.com.ar\/web\/index.php\/wp-json\/wp\/v2\/tags?post=11964"}],"curies":[{"name":"wp","href":"https:\/\/api.w.org\/{rel}","templated":true}]}}