{"id":11987,"date":"2024-02-16T00:47:00","date_gmt":"2024-02-16T03:47:00","guid":{"rendered":"https:\/\/diariorepublica.com.ar\/web\/?p=11987"},"modified":"2024-02-16T07:48:25","modified_gmt":"2024-02-16T10:48:25","slug":"lali-esposito-le-respondio-a-javier-milei-su-discurso-es-injusto-y-violento","status":"publish","type":"post","link":"https:\/\/diariorepublica.com.ar\/web\/index.php\/espectaculos\/2024\/02\/16\/lali-esposito-le-respondio-a-javier-milei-su-discurso-es-injusto-y-violento\/","title":{"rendered":"Lali Esp\u00f3sito le respondi\u00f3 a Javier Milei: \u00abSu discurso es injusto y violento\u00bb"},"content":{"rendered":"<article class=\"article-body article-body--first-paragraph content-protected-false\" data-td-script-src=\"https:\/\/www.ambito.com\/td\/modulos\/encuestas\/js\/function-embeds-min-version-1707883678.js\">La cantante\u00a0<strong>Lali Esp\u00f3sito<\/strong>\u00a0le respondi\u00f3 al presidente\u00a0<strong>Javier Milei<\/strong>\u00a0a trav\u00e9s de su cuenta en la red social Instagram a ra\u00edz de las cr\u00edticas que recibi\u00f3 en los \u00faltimos d\u00edas, y con una carta defendi\u00f3 su carrera, calific\u00f3 de \u00abinjusto y violento\u00bb el discurso del mandatario, y aprovech\u00f3 para invitarlo a asistir a ver uno de sus shows para comprobar su profesionalismo.<\/p>\n<\/article>\n<article class=\"article-body article-body--second-paragraph content-protected-false\">En su carta, Lali expres\u00f3 que comenz\u00f3 su carrera de ni\u00f1a y que gracias a eso gan\u00f3 \u00abdinero para ayudar a su familia\u00bb. Record\u00f3 sus comienzos en la TV y su paso a la m\u00fasica, financiado con sus ganancias trabajando en series, cine y publicidades, con cinco discos grabados y m\u00faltiples presentaciones en p\u00fablico.<\/p>\n<article class=\"article-body article-body--third-paragraph content-protected-false\">\u00abNo conozco otra cosa que no sea trabajar y as\u00ed me gano siempre lo m\u00edo\u00bb, dispar\u00f3. Adem\u00e1s defendi\u00f3 la cultura como fuente de trabajo para artistas y las actividades vinculadas a los shows. \u00abLa demonizaci\u00f3n de la cultura y las personas que la conforman no es el camino\u00bb, a\u00f1adi\u00f3.<\/p>\n<\/article>\n<article class=\"article-body article-body--fourth-paragraph content-protected-false\">\n<div id=\"embed7319_wrap\" class=\"embed_cont type_freetext\" contenteditable=\"false\" data-provider=\"Instagram\">\n<div id=\"embed7319_content\" class=\"embed_content\">\n<div id=\"embed7319_embed\"><iframe id=\"instagram-embed-0\" class=\"instagram-media instagram-media-rendered\" src=\"https:\/\/www.instagram.com\/p\/C3Yq3WOuzgx\/embed\/captioned\/?cr=1&amp;v=14&amp;wp=816&amp;rd=https%3A%2F%2Fwww.ambito.com&amp;rp=%2Fespectaculos%2Flali-esposito-le-respondio-javier-milei-su-discurso-es-injusto-y-violento-n5946375#%7B%22ci%22%3A0%2C%22os%22%3A459019.60000000894%7D\" height=\"1082\" frameborder=\"0\" scrolling=\"no\" allowfullscreen=\"allowfullscreen\" data-instgrm-payload-id=\"instagram-media-payload-0\" data-mce-fragment=\"1\"><\/iframe><\/div>\n<\/div>\n<\/div>\n<p>\u00abSiento que la asimetr\u00eda de poder entre Usted y los que ataca por pensar distinto y la informaci\u00f3n falsa vuelve a su discurso injusto y violento\u00bb, dijo Lali. Luego, expres\u00f3 que el Presidente \u00abes el capit\u00e1n de un barco en el que viajamos todos, los que lo votaron y los que no, y por eso deseo que el camino que elija lleve a TODOS a un mejor lugar\u00bb. \u00abDemocr\u00e1ticamente, acepto el camino que eligi\u00f3 la mayor\u00eda y desde el respeto quiero tener la libertad de poder pensar distinto\u00bb, enfatiz\u00f3.<\/p>\n<\/article>\n<article class=\"article-body article-body--remaining-paragraph content-protected-false\">Por \u00faltimo, la artista sostuvo que al ver que en redes sociales Milei pone en duda su \u00abprofesionalismo y destreza en el escenario\u00bb lo invit\u00f3 a asistir a uno de sus shows. \u00abSer\u00eda un placer tenerlo en el p\u00fablico y la pasar\u00eda muy bien. Se lo aseguro\u00bb, concluy\u00f3 su carta Lali.<\/p>\n<p>Antes, Milei volvi\u00f3 a cargar contra la cantante\u00a0<strong>Lali Esp\u00f3sito,<\/strong>\u00a0luego de que la artista\u00a0<a href=\"https:\/\/www.ambito.com\/espectaculos\/cosquin-rock-2024-lali-esposito-y-dillom-se-la-jugaron-fuertes-criticas-javier-milei-y-luis-caputo-n5942972\" target=\"_blank\" rel=\"follow noopener\">lo criticara durante un show<\/a>, y le cambi\u00f3 el apellido ir\u00f3nicamente al mencionarla como\u00a0<strong>\u00abLali Dep\u00f3sito\u00bb<\/strong>. Las redes se hicieron eco r\u00e1pidamente del tema.<\/p>\n<p>\u00abCobr\u00f3 de la del Estado. Lali Dep\u00f3sito cobr\u00f3 de varios gobernadores\u00bb, dijo el jefe de Estado en referencia a actuaciones que la cantante realiz\u00f3 a lo largo de su carrera en distintas provincias.<\/p>\n<p>El enfrentamiento entre Milei y Lali Esp\u00f3sito data de incluso antes de la elecciones en las que el liberal libertario alcanz\u00f3 la presidencia. La cantante hab\u00eda manifestado en redes su preocupaci\u00f3n por las pol\u00edticas que propone el mandatario. En ese momento, Milei dijo desconocer de qui\u00e9n se trataba.<\/p>\n<p>Pero con el tiempo, la tensi\u00f3n fue escalando a partir de que varios libertarios en redes sociales dispararon contra Lali. Se produjeron algunos cruces que tuvieron un \u00faltimo cap\u00edtulo el pasado fin de semana durante el Quilmes Cosqu\u00edn Rock.<\/p>\n<p><strong>Lali<\/strong>, en medio de su show, expres\u00f3: \u00bbEsto que somos los argentinos, esta uni\u00f3n que genera el arte, la m\u00fasica, la cultura, nadie nos lo va a sacar jam\u00e1s\u00bb y le dedic\u00f3 su siguiente canci\u00f3n a<strong>\u00a0\u00ablas malas personas y los antipatria\u00bb<\/strong>. En su canci\u00f3n \u00ab\u00bfQui\u00e9nes son?\u00bb cambi\u00f3 la letra y expres\u00f3:\u00a0<strong>\u00abQue si fumo, que si vivo, que si digo, que si bebo, que si vivo del Estado\u00bb.<\/strong><\/p>\n<p>Fue en ese mismo escenario donde el cantante\u00a0<strong>Dillom despert\u00f3 fuerte pol\u00e9mica\u00a0<\/strong>al cantar fuerte contra el ministro de Econom\u00eda,\u00a0<strong>Luis<\/strong>\u00a0<strong>Caputo<\/strong>. Al realizar un cover de<strong>\u00a0Sr. Cobranza<\/strong>\u00a0(canci\u00f3n de Las Manos de Filippi popularizada por La Bersuit) cambi\u00f3 el verso de \u00abNorma Pl\u00e1 a Cavallo lo tiene que matar\u00bb por\u00a0<strong>\u00bbA Caputo en la plaza lo tienen que matar\u00bb.<\/strong><\/p>\n<p>Luego de las cr\u00edticas de Milei a Lali Esp\u00f3sito durante la entrevista con LN+, las redes estallaron y casi de inmediato \u00abLali Dep\u00f3sito\u00bb se hizo tendencia n\u00famero uno en X, la ex Twitter. El mote, descalificativo, ya era usado en redes sociales por los cr\u00edticas, sobre todo libertarios, de la cantante. Pero ahora se masific\u00f3 de boca del propio jefe de Estado.<\/p>\n<p>Los posteos en redes sociales se dividieron entre los que avalaron al Presidente y quienes salieron en defensa de la cantante.<\/p>\n<\/article>\n<\/article>\n","protected":false},"excerpt":{"rendered":"<p>La cantante\u00a0Lali Esp\u00f3sito\u00a0le respondi\u00f3 al presidente\u00a0Javier Milei\u00a0a trav\u00e9s de su cuenta en la red social Instagram a ra\u00edz de las<\/p>\n","protected":false},"author":1,"featured_media":11988,"comment_status":"closed","ping_status":"closed","sticky":false,"template":"","format":"standard","meta":{"footnotes":"","jetpack_publicize_message":"","jetpack_publicize_feature_enabled":true,"jetpack_social_post_already_shared":true,"jetpack_social_options":{"image_generator_settings":{"template":"highway","enabled":false},"version":2}},"categories":[7],"tags":[],"class_list":["post-11987","post","type-post","status-publish","format-standard","has-post-thumbnail","hentry","category-espectaculos"],"jetpack_publicize_connections":[],"_links":{"self":[{"href":"https:\/\/diariorepublica.com.ar\/web\/index.php\/wp-json\/wp\/v2\/posts\/11987"}],"collection":[{"href":"https:\/\/diariorepublica.com.ar\/web\/index.php\/wp-json\/wp\/v2\/posts"}],"about":[{"href":"https:\/\/diariorepublica.com.ar\/web\/index.php\/wp-json\/wp\/v2\/types\/post"}],"author":[{"embeddable":true,"href":"https:\/\/diariorepublica.com.ar\/web\/index.php\/wp-json\/wp\/v2\/users\/1"}],"replies":[{"embeddable":true,"href":"https:\/\/diariorepublica.com.ar\/web\/index.php\/wp-json\/wp\/v2\/comments?post=11987"}],"version-history":[{"count":1,"href":"https:\/\/diariorepublica.com.ar\/web\/index.php\/wp-json\/wp\/v2\/posts\/11987\/revisions"}],"predecessor-version":[{"id":11989,"href":"https:\/\/diariorepublica.com.ar\/web\/index.php\/wp-json\/wp\/v2\/posts\/11987\/revisions\/11989"}],"wp:featuredmedia":[{"embeddable":true,"href":"https:\/\/diariorepublica.com.ar\/web\/index.php\/wp-json\/wp\/v2\/media\/11988"}],"wp:attachment":[{"href":"https:\/\/diariorepublica.com.ar\/web\/index.php\/wp-json\/wp\/v2\/media?parent=11987"}],"wp:term":[{"taxonomy":"category","embeddable":true,"href":"https:\/\/diariorepublica.com.ar\/web\/index.php\/wp-json\/wp\/v2\/categories?post=11987"},{"taxonomy":"post_tag","embeddable":true,"href":"https:\/\/diariorepublica.com.ar\/web\/index.php\/wp-json\/wp\/v2\/tags?post=11987"}],"curies":[{"name":"wp","href":"https:\/\/api.w.org\/{rel}","templated":true}]}}