{"id":12005,"date":"2024-02-16T00:02:00","date_gmt":"2024-02-16T03:02:00","guid":{"rendered":"https:\/\/diariorepublica.com.ar\/web\/?p=12005"},"modified":"2024-02-16T08:02:54","modified_gmt":"2024-02-16T11:02:54","slug":"venezuela-suspendio-actividades-de-la-oficina-de-derechos-humanos-de-la-onu","status":"publish","type":"post","link":"https:\/\/diariorepublica.com.ar\/web\/index.php\/internacionales\/2024\/02\/16\/venezuela-suspendio-actividades-de-la-oficina-de-derechos-humanos-de-la-onu\/","title":{"rendered":"Venezuela suspendi\u00f3 actividades de la Oficina de Derechos Humanos de la ONU"},"content":{"rendered":"<p>Venezuela anunci\u00f3 el jueves que\u00a0<strong>suspendi\u00f3 las actividades de la Oficina T\u00e9cnica de Asesor\u00eda del Alto Comisionado de Naciones Unidas para los Derechos Humanos<\/strong>\u00a0y dio a su personal 72 horas para salir del pa\u00eds, mientras la ONU dijo que evaluar\u00eda los pasos a seguir.<\/p>\n<p>La suspensi\u00f3n es \u00abhasta tanto rectifiquen p\u00fablicamente ante la comunidad internacional su\u00a0<strong>actitud colonialista, abusiva y violatoria de la carta de las Naciones Unidas<\/strong>\u00ab, dijo en un comunicado el Gobierno Venezolano.<\/p>\n<p>Caracas agreg\u00f3 que realizar\u00e1 una \u00abrevisi\u00f3n integral\u00bb de los t\u00e9rminos de la cooperaci\u00f3n t\u00e9cnica, lo que demorar\u00e1 30 d\u00edas.<\/p>\n<p>El Gobierno\u00a0<strong>no mencion\u00f3 un hecho en concreto que provocara la suspensi\u00f3n<\/strong>\u00a0de la oficina, que cuenta con 13 funcionarios y trabaja en Venezuela desde 2019.<\/p>\n<p>La portavoz de la Oficina de Derechos Humanos de la ONU, Ravina Shamdasani, lament\u00f3 el anuncio y se\u00f1al\u00f3 que\u00a0<strong>continuar\u00e1n en conversaci\u00f3n con las autoridades y otros actores<\/strong>. \u201cNuestros principios rectores fueron y seguir\u00e1n siendo la promoci\u00f3n y la protecci\u00f3n de los derechos humanos de los venezolanos y las venezolanas\u00bb, agreg\u00f3.<\/p>\n<p><strong>La televisi\u00f3n estatal<\/strong>\u00a0hab\u00eda cuestionado el mi\u00e9rcoles unas declaraciones del relator especial de la ONU sobre el derecho a la alimentaci\u00f3n, Michael Fakhri, quien\u00a0<strong>critic\u00f3 un programa oficial de entrega de alimentos mensuales a familias de pocos recursos llamado CLAP<\/strong>.<\/p>\n<p>\u00abTen\u00eda buenas intenciones como ayuda humanitaria temporal del Gobierno. Sin embargo,\u00a0<strong>se volvi\u00f3 susceptible al clientelismo pol\u00edtico y no aborda las causas profundas del hambre<\/strong>\u00a0y la desnutrici\u00f3n en Venezuela ni cumple las normas sobre el derecho a la alimentaci\u00f3n\u00bb, dijo el funcionario en una nota de prensa de su oficina.<\/p>\n<p>El Gobierno, sin ofrecer detalles, se\u00f1al\u00f3 que desde el inicio de sus operaciones \u00abla Oficina del Alto Comisionado mantuvo una postura claramente sesgada y parcializada, lo que\u00a0 gener\u00f3 impunidad para las personas involucradas en diversos intentos de magnicidio\u00bb.<\/p>\n<p>En el pasado,<strong>\u00a0la Oficina ha pedido la liberaci\u00f3n de detenidos en Venezuela<\/strong>\u00a0y m\u00e1s recientemente la del Alto Comisionado de Derechos Humanos de la ONU, Volker T\u00fcrk, manifest\u00f3 su inquietud por la detenci\u00f3n de la abogada y activista Roc\u00edo San Miguel, presidenta de la ONG Control Ciudadano, vinculada por la fiscal\u00eda con una conspiraci\u00f3n en contra del gobierno.<\/p>\n<p>En Venezuela funcionan otras agencias de la ONU, como la FAO y Unicef.<\/p>\n<p>La secretaria de prensa de la Casa Blanca, Karine Jean-Pierre, al ser consultada por la situaci\u00f3n, dijo que \u00abes algo que nos preocupa y que obviamente vamos a seguir vigilando\u00bb.<\/p>\n<p>NA<\/p>\n","protected":false},"excerpt":{"rendered":"<p>Venezuela anunci\u00f3 el jueves que\u00a0suspendi\u00f3 las actividades de la Oficina T\u00e9cnica de Asesor\u00eda del Alto Comisionado de Naciones Unidas para<\/p>\n","protected":false},"author":1,"featured_media":12006,"comment_status":"closed","ping_status":"closed","sticky":false,"template":"","format":"standard","meta":{"footnotes":"","jetpack_publicize_message":"","jetpack_publicize_feature_enabled":true,"jetpack_social_post_already_shared":true,"jetpack_social_options":{"image_generator_settings":{"template":"highway","enabled":false},"version":2}},"categories":[6],"tags":[],"class_list":["post-12005","post","type-post","status-publish","format-standard","has-post-thumbnail","hentry","category-internacionales"],"jetpack_publicize_connections":[],"_links":{"self":[{"href":"https:\/\/diariorepublica.com.ar\/web\/index.php\/wp-json\/wp\/v2\/posts\/12005"}],"collection":[{"href":"https:\/\/diariorepublica.com.ar\/web\/index.php\/wp-json\/wp\/v2\/posts"}],"about":[{"href":"https:\/\/diariorepublica.com.ar\/web\/index.php\/wp-json\/wp\/v2\/types\/post"}],"author":[{"embeddable":true,"href":"https:\/\/diariorepublica.com.ar\/web\/index.php\/wp-json\/wp\/v2\/users\/1"}],"replies":[{"embeddable":true,"href":"https:\/\/diariorepublica.com.ar\/web\/index.php\/wp-json\/wp\/v2\/comments?post=12005"}],"version-history":[{"count":1,"href":"https:\/\/diariorepublica.com.ar\/web\/index.php\/wp-json\/wp\/v2\/posts\/12005\/revisions"}],"predecessor-version":[{"id":12007,"href":"https:\/\/diariorepublica.com.ar\/web\/index.php\/wp-json\/wp\/v2\/posts\/12005\/revisions\/12007"}],"wp:featuredmedia":[{"embeddable":true,"href":"https:\/\/diariorepublica.com.ar\/web\/index.php\/wp-json\/wp\/v2\/media\/12006"}],"wp:attachment":[{"href":"https:\/\/diariorepublica.com.ar\/web\/index.php\/wp-json\/wp\/v2\/media?parent=12005"}],"wp:term":[{"taxonomy":"category","embeddable":true,"href":"https:\/\/diariorepublica.com.ar\/web\/index.php\/wp-json\/wp\/v2\/categories?post=12005"},{"taxonomy":"post_tag","embeddable":true,"href":"https:\/\/diariorepublica.com.ar\/web\/index.php\/wp-json\/wp\/v2\/tags?post=12005"}],"curies":[{"name":"wp","href":"https:\/\/api.w.org\/{rel}","templated":true}]}}