{"id":12018,"date":"2024-02-16T09:46:59","date_gmt":"2024-02-16T12:46:59","guid":{"rendered":"https:\/\/diariorepublica.com.ar\/web\/?p=12018"},"modified":"2024-02-16T09:47:01","modified_gmt":"2024-02-16T12:47:01","slug":"padres-y-madres-de-ninos-con-discapacidad-solicitan-reunion-con-autoridades-de-osep","status":"publish","type":"post","link":"https:\/\/diariorepublica.com.ar\/web\/index.php\/sociedad\/2024\/02\/16\/padres-y-madres-de-ninos-con-discapacidad-solicitan-reunion-con-autoridades-de-osep\/","title":{"rendered":"Padres y madres de ni\u00f1os con discapacidad solicitan reuni\u00f3n con autoridades de OSEP"},"content":{"rendered":"<p>Padres y madres de ni\u00f1os, ni\u00f1as y adolescentes con discapacidad, a\u00fan esperan ser recibidos por las nuevas autoridades de la Obra Social de los Empleados P\u00fablicos de la provincia (OSEP), ya que presentaron formalmente el pedido de audiencia en los primeros d\u00edas de enero de este a\u00f1o.<\/p>\n<p>Carlos Seco Maza, referente de Amparo, un grupo que nuclea padres y madres de chicos con discapacidad, plante\u00f3 este problema, la necesidad y el apuro que tienen para poder concretar este encuentro.<\/p>\n<p>\u00abEstamos con la incertidumbre de qu\u00e9 va a pasar con los aranceles para las maestras de apoyo escolar, los tr\u00e1mites administrativos y todo eso\u201d, coment\u00f3.<\/p>\n<p>\u201cLo que pretendemos simplemente es reunirnos con los nuevos directivos, a efectos de presentarnos porque somos un interlocutor importante para nuestros hijos y hasta ahora no nos recibieron, el 3 de enero presentamos la nota y no hemos tenido respuesta. Nos tienen vuelteando y las clases comienzan el 28 de febrero, entonces las madres y padres llegamos a un punto de desesperaci\u00f3n porque no sabemos si nos tienen en cuenta, si saben que estamos o no\u201d, asever\u00f3 Carlos.<\/p>\n<p>En este sentido, Seco Maza explic\u00f3 el porqu\u00e9 de la importancia de poder acceder a esta reuni\u00f3n. \u201cQueremos que nos conozcan, que sepan que hay un grupo nucleado para los chicos con discapacidad y ponernos de acuerdo respecto a las prestaciones porque estamos teniendo muchos inconvenientes, igual que con las \u00f3rdenes y las farmacias. Es un tema integral y la \u00fanica forma de ir solucion\u00e1ndolo es teniendo un di\u00e1logo fluido con las nuevas autoridades, como ten\u00edamos con las anteriores\u201d, dijo.<\/p>\n<p>Seg\u00fan lo comentado por el referente, esta situaci\u00f3n se complejiza a\u00fan m\u00e1s en los departamentos del interior de la provincia porque las delegaciones de la OSEP muchas veces desconocen las comunicaciones que salen de la casa central. \u201cHay veces que la obra social pide que los pap\u00e1s vengan a presentar los papeles en persona y teniendo un hijo con discapacidad no es f\u00e1cil salir de la casa\u201d, expres\u00f3.<\/p>\n<p>\u201cLos \u00fanicos que sabemos la realidad y que necesitan nuestros hijos somos nosotros, los padres, queremos generar pol\u00edticas con el conocimiento de lo que realmente vivimos con chiquitos con discapacidad que no es nada f\u00e1cil\u201d, concluy\u00f3.<\/p>\n","protected":false},"excerpt":{"rendered":"<p>Padres y madres de ni\u00f1os, ni\u00f1as y adolescentes con discapacidad, a\u00fan esperan ser recibidos por las nuevas autoridades de la<\/p>\n","protected":false},"author":2,"featured_media":12019,"comment_status":"closed","ping_status":"closed","sticky":false,"template":"","format":"standard","meta":{"footnotes":"","jetpack_publicize_message":"","jetpack_publicize_feature_enabled":true,"jetpack_social_post_already_shared":true,"jetpack_social_options":{"image_generator_settings":{"template":"highway","enabled":false},"version":2}},"categories":[3],"tags":[],"class_list":["post-12018","post","type-post","status-publish","format-standard","has-post-thumbnail","hentry","category-sociedad"],"jetpack_publicize_connections":[],"_links":{"self":[{"href":"https:\/\/diariorepublica.com.ar\/web\/index.php\/wp-json\/wp\/v2\/posts\/12018"}],"collection":[{"href":"https:\/\/diariorepublica.com.ar\/web\/index.php\/wp-json\/wp\/v2\/posts"}],"about":[{"href":"https:\/\/diariorepublica.com.ar\/web\/index.php\/wp-json\/wp\/v2\/types\/post"}],"author":[{"embeddable":true,"href":"https:\/\/diariorepublica.com.ar\/web\/index.php\/wp-json\/wp\/v2\/users\/2"}],"replies":[{"embeddable":true,"href":"https:\/\/diariorepublica.com.ar\/web\/index.php\/wp-json\/wp\/v2\/comments?post=12018"}],"version-history":[{"count":1,"href":"https:\/\/diariorepublica.com.ar\/web\/index.php\/wp-json\/wp\/v2\/posts\/12018\/revisions"}],"predecessor-version":[{"id":12020,"href":"https:\/\/diariorepublica.com.ar\/web\/index.php\/wp-json\/wp\/v2\/posts\/12018\/revisions\/12020"}],"wp:featuredmedia":[{"embeddable":true,"href":"https:\/\/diariorepublica.com.ar\/web\/index.php\/wp-json\/wp\/v2\/media\/12019"}],"wp:attachment":[{"href":"https:\/\/diariorepublica.com.ar\/web\/index.php\/wp-json\/wp\/v2\/media?parent=12018"}],"wp:term":[{"taxonomy":"category","embeddable":true,"href":"https:\/\/diariorepublica.com.ar\/web\/index.php\/wp-json\/wp\/v2\/categories?post=12018"},{"taxonomy":"post_tag","embeddable":true,"href":"https:\/\/diariorepublica.com.ar\/web\/index.php\/wp-json\/wp\/v2\/tags?post=12018"}],"curies":[{"name":"wp","href":"https:\/\/api.w.org\/{rel}","templated":true}]}}