{"id":12076,"date":"2024-02-20T05:31:00","date_gmt":"2024-02-20T08:31:00","guid":{"rendered":"https:\/\/diariorepublica.com.ar\/web\/?p=12076"},"modified":"2024-02-20T07:33:18","modified_gmt":"2024-02-20T10:33:18","slug":"los-precios-mayoristas-subieron-un-18-en-enero","status":"publish","type":"post","link":"https:\/\/diariorepublica.com.ar\/web\/index.php\/economia\/2024\/02\/20\/los-precios-mayoristas-subieron-un-18-en-enero\/","title":{"rendered":"Los precios mayoristas subieron un 18% en enero"},"content":{"rendered":"<article id=\"article-post\" class=\"first\">\n<div class=\"cuerpo\" data-twitter-link=\"https:\/\/twitter.com\/intent\/tweet?url=https:\/\/www.diariopopular.com.ar\/c773320&amp;via=poopulardiario&amp;related=Popular&amp;text=\">\n<p>El\u00a0<strong>\u00cdndice de Precios Mayoristas<\/strong>\u00a0subi\u00f3 durante enero 18% y el<strong>\u00a0Costo de la Construcci\u00f3n<\/strong>\u00a0el 15,5%, seg\u00fan inform\u00f3 este lunes el<strong>\u00a0Instituto Nacional de Estad\u00edstica y Censos (Indec).\u00a0<\/strong>De esta forma, ambos registros quedaron debajo de la inflaci\u00f3n de enero que fue del 20,6%.<\/p>\n<\/div>\n<\/article>\n<article id=\"article-post\">\n<div class=\"cuerpo\" data-twitter-link=\"https:\/\/twitter.com\/intent\/tweet?url=https:\/\/www.diariopopular.com.ar\/c773320&amp;via=poopulardiario&amp;related=Popular&amp;text=\">\n<p>Con estos incrementos, en los \u00faltimos 12 meses, los precios mayoristas aumentaron 316,9% y el costo de la construcci\u00f3n el 251,5 %, inform\u00f3 el organismo.<\/p>\n<h6>Los precios mayoristas<\/h6>\n<p>El nivel general del \u00cdndice de precios internos al por mayor (IPIM) registr\u00f3 un aumento de 18,0% en enero de 2024 respecto del mes anterior. Esta variaci\u00f3n es consecuencia de la suba de 19,6% en los \u201cProductos nacionales\u201d y de 5,1% en los \u201cProductos importados\u201d.<\/p>\n<p>Por otra parte, el nivel general del \u00cdndice de precios internos b\u00e1sicos al por mayor (IPIB) mostr\u00f3 un ascenso de 16,6% en el mismo per\u00edodo.<\/p>\n<div id=\"693265-Libre-580879491_wrap\" class=\"embed_cont type_imagen\" contenteditable=\"false\">\n<div id=\"693265-Libre-580879491_content\" class=\"embed_content\"><img decoding=\"async\" id=\"693265-Libre-580879491_embed\" title=\"Indec: Precios Mayoristas. \" src=\"https:\/\/media.diariopopular.com.ar\/p\/b66b50685c569552ece8276ce449fd95\/adjuntos\/143\/imagenes\/008\/136\/0008136527\/1140x0\/smart\/imagepng.png\" alt=\"Indec: Precios Mayoristas. \" width=\"1140\" height=\"undefined\" longdesc=\"https:\/\/media.diariopopular.com.ar\/p\/b66b50685c569552ece8276ce449fd95\/adjuntos\/143\/imagenes\/008\/136\/0008136527\/1140x0\/smart\/imagepng.png\" \/><\/div>\n<div id=\"693265-Libre-580879491_epigrafe\" class=\"embed_epigrafe\">\n<p>Indec: Precios Mayoristas.<\/p>\n<\/div>\n<div id=\"693265-Libre-580879491_copyright\" class=\"embed_copyright\"><\/div>\n<\/div>\n<p>En este caso, la variaci\u00f3n se explica por la suba de 18,0% en los \u201cProductos nacionales\u201d y de 5,0% en los \u201cProductos importados\u201d.<\/p>\n<p>Asimismo, el nivel general del \u00cdndice de precios b\u00e1sicos del productor (IPP) registr\u00f3 un incremento de 17,4% en el mismo per\u00edodo, como consecuencia de la suba de 18,9% en los \u201cProductos primarios\u201d y de 16,9% en los \u201cProductos manufacturados y energ\u00eda el\u00e9ctrica\u201d.<\/p>\n<h6>El costo de la construcci\u00f3n<\/h6>\n<p>El nivel general del \u00cdndice del costo de la construcci\u00f3n (ICC) en el Gran Buenos Aires correspondiente a enero de 2024 registra una suba de 15,5% respecto al mes anterior.<\/p>\n<p>Este resultado surge como consecuencia de un alza de 13,2% en el cap\u00edtulo \u201cMateriales\u201d, de 19,3% en el cap\u00edtulo \u201cMano de obra\u201d y de 15,2% en el cap\u00edtulo \u201cGastos generales\u201d.<\/p>\n<div id=\"693264-Libre-811286085_wrap\" class=\"embed_cont type_imagen\" contenteditable=\"false\">\n<div id=\"693264-Libre-811286085_content\" class=\"embed_content\"><img decoding=\"async\" id=\"693264-Libre-811286085_embed\" title=\"Indec: Costo de la Construcci\u00f3n. \" src=\"https:\/\/media.diariopopular.com.ar\/p\/80e7d606a5a4349a29c10095f3a0b818\/adjuntos\/143\/imagenes\/008\/136\/0008136526\/1140x0\/smart\/imagepng.png\" alt=\"Indec: Costo de la Construcci\u00f3n. \" width=\"1140\" height=\"undefined\" longdesc=\"https:\/\/media.diariopopular.com.ar\/p\/80e7d606a5a4349a29c10095f3a0b818\/adjuntos\/143\/imagenes\/008\/136\/0008136526\/1140x0\/smart\/imagepng.png\" \/><\/div>\n<div id=\"693264-Libre-811286085_epigrafe\" class=\"embed_epigrafe\">\n<p>Indec: Costo de la Construcci\u00f3n.<\/p>\n<\/div>\n<div id=\"693264-Libre-811286085_copyright\" class=\"embed_copyright\"><\/div>\n<\/div>\n<p>El cap\u00edtulo \u201cMano de obra\u201d incorpora los nuevos valores establecidos por el acuerdo salarial de la Uni\u00f3n Obrera de la Construcci\u00f3n de la Rep\u00fablica Argentina (UOCRA), con fecha 8 de enero de 2024, homologado por la Resoluci\u00f3n RESOL-2024-37-APN-STEYSS#MCH el 16 de enero de 2024, aplicable a las categor\u00edas laborales previstas en el Convenio Colectivo de Trabajo 76\/75 desde enero de 2024.<\/p>\n<p>Asimismo, el aumento en las categor\u00edas laborales impacta en el cap\u00edtulo \u201cGastos generales\u201d, debido a que este contiene el \u00edtem \u201cSereno\u201d, que se encuentra enmarcado dentro de la resoluci\u00f3n.<\/p>\n<h6>La actividad del sector autopartista cerr\u00f3 2023 con una ca\u00edda de 1% interanual<\/h6>\n<p>La actividad del sector autopartista cerr\u00f3 2023 una ca\u00edda de 1% en relaci\u00f3n al mismo mes de 2022, de acuerdo con el informe de la Asociaci\u00f3n de F\u00e1bricas Argentinas de Componentes (AFAC).<\/p>\n<p>La entidad indic\u00f3 que \u00abdiciembre registr\u00f3 un incremento de 6,9% en relaci\u00f3n al mismo mes de 2022\u00bb pero \u00abal compararlo con noviembre de 2023 se verific\u00f3 una reducci\u00f3n de 17,9%\u00bb.<\/p>\n<p>\u00abEn todos los rubros asociados a la cadena se verific\u00f3 una din\u00e1mica similar respecto al mes anterior (una ca\u00edda de la actividad). Si bien parte de este comportamiento se debi\u00f3 a una cuesti\u00f3n estacional (receso vacacional de la mayor\u00eda de las terminales), la situaci\u00f3n coyuntural tambi\u00e9n tuvo un impacto en el resultado\u00bb, detall\u00f3 AFAC.<\/p>\n<p>El informe analiz\u00f3 las exportaciones de los tres principales segmentos del negocio autopartista, que son la producci\u00f3n de veh\u00edculos, las exportaciones de piezas y el mercado independiente de reposici\u00f3n.<\/p>\n<p>La producci\u00f3n de veh\u00edculos aument\u00f3 durante el periodo enero diciembre de 2023 un 13,7% respecto al mismo periodo de 2022, cerrando el a\u00f1o con 610.715 unidades fabricadas.<\/p>\n<p>Diciembre present\u00f3 una ca\u00edda en los niveles de producci\u00f3n en relaci\u00f3n a noviembre que fue de 34,6%, y al compararlo con diciembre de 2022 el resultado fue una leve disminuci\u00f3n de 0,4%.<\/p>\n<\/div>\n<\/article>\n","protected":false},"excerpt":{"rendered":"<p>El\u00a0\u00cdndice de Precios Mayoristas\u00a0subi\u00f3 durante enero 18% y el\u00a0Costo de la Construcci\u00f3n\u00a0el 15,5%, seg\u00fan inform\u00f3 este lunes el\u00a0Instituto Nacional de<\/p>\n","protected":false},"author":1,"featured_media":12077,"comment_status":"closed","ping_status":"closed","sticky":false,"template":"","format":"standard","meta":{"footnotes":"","jetpack_publicize_message":"","jetpack_publicize_feature_enabled":true,"jetpack_social_post_already_shared":true,"jetpack_social_options":{"image_generator_settings":{"template":"highway","enabled":false},"version":2}},"categories":[5],"tags":[],"class_list":["post-12076","post","type-post","status-publish","format-standard","has-post-thumbnail","hentry","category-economia"],"jetpack_publicize_connections":[],"_links":{"self":[{"href":"https:\/\/diariorepublica.com.ar\/web\/index.php\/wp-json\/wp\/v2\/posts\/12076"}],"collection":[{"href":"https:\/\/diariorepublica.com.ar\/web\/index.php\/wp-json\/wp\/v2\/posts"}],"about":[{"href":"https:\/\/diariorepublica.com.ar\/web\/index.php\/wp-json\/wp\/v2\/types\/post"}],"author":[{"embeddable":true,"href":"https:\/\/diariorepublica.com.ar\/web\/index.php\/wp-json\/wp\/v2\/users\/1"}],"replies":[{"embeddable":true,"href":"https:\/\/diariorepublica.com.ar\/web\/index.php\/wp-json\/wp\/v2\/comments?post=12076"}],"version-history":[{"count":1,"href":"https:\/\/diariorepublica.com.ar\/web\/index.php\/wp-json\/wp\/v2\/posts\/12076\/revisions"}],"predecessor-version":[{"id":12078,"href":"https:\/\/diariorepublica.com.ar\/web\/index.php\/wp-json\/wp\/v2\/posts\/12076\/revisions\/12078"}],"wp:featuredmedia":[{"embeddable":true,"href":"https:\/\/diariorepublica.com.ar\/web\/index.php\/wp-json\/wp\/v2\/media\/12077"}],"wp:attachment":[{"href":"https:\/\/diariorepublica.com.ar\/web\/index.php\/wp-json\/wp\/v2\/media?parent=12076"}],"wp:term":[{"taxonomy":"category","embeddable":true,"href":"https:\/\/diariorepublica.com.ar\/web\/index.php\/wp-json\/wp\/v2\/categories?post=12076"},{"taxonomy":"post_tag","embeddable":true,"href":"https:\/\/diariorepublica.com.ar\/web\/index.php\/wp-json\/wp\/v2\/tags?post=12076"}],"curies":[{"name":"wp","href":"https:\/\/api.w.org\/{rel}","templated":true}]}}