{"id":12079,"date":"2024-02-20T07:03:00","date_gmt":"2024-02-20T10:03:00","guid":{"rendered":"https:\/\/diariorepublica.com.ar\/web\/?p=12079"},"modified":"2024-02-20T07:34:53","modified_gmt":"2024-02-20T10:34:53","slug":"el-salvador-el-partido-de-bukele-consiguio-la-mayoria-en-el-congreso-con-54-diputados-de-60","status":"publish","type":"post","link":"https:\/\/diariorepublica.com.ar\/web\/index.php\/internacionales\/2024\/02\/20\/el-salvador-el-partido-de-bukele-consiguio-la-mayoria-en-el-congreso-con-54-diputados-de-60\/","title":{"rendered":"El Salvador:\u00a0el partido de Bukele consigui\u00f3 la mayor\u00eda en el Congreso con 54 diputados de 60"},"content":{"rendered":"<p>Este lunes por la noche, el\u00a0<strong>Tribunal Supremo Electoral<\/strong>\u00a0(TSE) de\u00a0<strong>El Salvador<\/strong>\u00a0inform\u00f3 que el partido que lidera\u00a0el presidente Nayib Bukele, Nuevas Ideas, consigui\u00f3\u00a0<strong>54 diputados del total de 60<\/strong>\u00a0durante la Asamblea Legislativa. Esto indica que se mantendr\u00e1 como la primera fuerza pol\u00edtica con una amplia mayor\u00eda.<\/p>\n<p>Adem\u00e1s, partidos cercanos como el\u00a0<strong>Partido de Concertaci\u00f3n Nacional<\/strong>\u00a0(PNC) y el\u00a0<strong>Partido Dem\u00f3crata Cristiano<\/strong>\u00a0(PDC)\u00a0<strong>obtuvieron dos y un diputado<\/strong>, respectivamente. Los tres esca\u00f1os restantes fueron logrados por los opositores de\u00a0<strong>Alianza Republicana Nacionalista<\/strong>\u00a0y\u00a0<strong>Vamos<\/strong>, con dos y uno.<\/p>\n<p><strong>Dora Mart\u00ednez<\/strong>, presidenta del TSE, inform\u00f3 los resultados a trav\u00e9s de una cadena nacional de radio y televisi\u00f3n este lunes. All\u00ed, la autoridad se\u00f1al\u00f3 que \u00abcada voto ha sido contado de manera transparente\u00bb, tras la elecci\u00f3n del 4 de febrero que\u00a0<strong>inclu\u00eda la reducci\u00f3n del Congreso de 84 a 60 diputados<\/strong>\u00a0y que fue aprobada por el \u00f3rgano Legislativo.<\/p>\n<p>Por otro lado, el partido con el que\u00a0<strong>Nayib Bukele<\/strong>\u00a0lleg\u00f3 a la presidencia de El Salvador,\u00a0<strong>Gran Alianza por la Unidad Nacional<\/strong>\u00a0(GANA),\u00a0<strong>perdi\u00f3 los cinco parlamentarios con los que contaba<\/strong>\u00a0y se qued\u00f3 sin representaci\u00f3n de cada al periodo 2024-27. Lo mismo ocurri\u00f3 con\u00a0<strong>Frente Farabundo Mart\u00ed para la Liberaci\u00f3n Nacional<\/strong>\u00a0(FMLN) y\u00a0<strong>Nuestro Tiempo<\/strong>\u00a0(NT), que no consiguieron esca\u00f1os.<\/p>\n<p>Cabe recordar que<strong>\u00a0el escrutinio final de los comicios legislativos finaliz\u00f3 el pasado domingo<\/strong>. A diferencia de escrutinios anteriores, en este se realiz\u00f3 un recuento voto a voto debido a las fallas en el sistema de transmisi\u00f3n y divulgaci\u00f3n de datos registradas el pasado 4 de febrero.<\/p>\n<p>La misi\u00f3n electoral enviada a\u00a0<strong>El Salvador<\/strong>\u00a0por parte de la\u00a0<strong>Organizaci\u00f3n de los Estados Americanos<\/strong>\u00a0(OEA) se\u00f1al\u00f3 el s\u00e1bado su preocupaci\u00f3n frente a\u00a0<strong>la \u00abdemora y falta de uniformidad\u00bb en el escrutinio<\/strong>\u00a0tanto de las presidenciales como de las legislativas.<\/p>\n<p>Una mayor\u00eda absoluta en dicho \u00f3rgano de Estado permitir\u00e1 al mandatario salvadore\u00f1o continuar con\u00a0<strong>su llamada \u00abguerra contra las pandillas\u00bb<\/strong>, su principal carta electoral para los comicios del 4 de febrero, de los que sali\u00f3 victorioso con un aplastante resultado sobre sus oponentes.<\/p>\n<p>En las elecciones legislativas y municipales de 2021, Nuevas Ideas logr\u00f3 56 diputados de 84 en el Congreso, un porcentaje menor al que logr\u00f3 en las \u00faltimas horas.<\/p>\n","protected":false},"excerpt":{"rendered":"<p>Este lunes por la noche, el\u00a0Tribunal Supremo Electoral\u00a0(TSE) de\u00a0El Salvador\u00a0inform\u00f3 que el partido que lidera\u00a0el presidente Nayib Bukele, Nuevas Ideas,<\/p>\n","protected":false},"author":1,"featured_media":12080,"comment_status":"closed","ping_status":"closed","sticky":false,"template":"","format":"standard","meta":{"footnotes":"","jetpack_publicize_message":"","jetpack_publicize_feature_enabled":true,"jetpack_social_post_already_shared":true,"jetpack_social_options":{"image_generator_settings":{"template":"highway","enabled":false},"version":2}},"categories":[6],"tags":[],"class_list":["post-12079","post","type-post","status-publish","format-standard","has-post-thumbnail","hentry","category-internacionales"],"jetpack_publicize_connections":[],"_links":{"self":[{"href":"https:\/\/diariorepublica.com.ar\/web\/index.php\/wp-json\/wp\/v2\/posts\/12079"}],"collection":[{"href":"https:\/\/diariorepublica.com.ar\/web\/index.php\/wp-json\/wp\/v2\/posts"}],"about":[{"href":"https:\/\/diariorepublica.com.ar\/web\/index.php\/wp-json\/wp\/v2\/types\/post"}],"author":[{"embeddable":true,"href":"https:\/\/diariorepublica.com.ar\/web\/index.php\/wp-json\/wp\/v2\/users\/1"}],"replies":[{"embeddable":true,"href":"https:\/\/diariorepublica.com.ar\/web\/index.php\/wp-json\/wp\/v2\/comments?post=12079"}],"version-history":[{"count":1,"href":"https:\/\/diariorepublica.com.ar\/web\/index.php\/wp-json\/wp\/v2\/posts\/12079\/revisions"}],"predecessor-version":[{"id":12081,"href":"https:\/\/diariorepublica.com.ar\/web\/index.php\/wp-json\/wp\/v2\/posts\/12079\/revisions\/12081"}],"wp:featuredmedia":[{"embeddable":true,"href":"https:\/\/diariorepublica.com.ar\/web\/index.php\/wp-json\/wp\/v2\/media\/12080"}],"wp:attachment":[{"href":"https:\/\/diariorepublica.com.ar\/web\/index.php\/wp-json\/wp\/v2\/media?parent=12079"}],"wp:term":[{"taxonomy":"category","embeddable":true,"href":"https:\/\/diariorepublica.com.ar\/web\/index.php\/wp-json\/wp\/v2\/categories?post=12079"},{"taxonomy":"post_tag","embeddable":true,"href":"https:\/\/diariorepublica.com.ar\/web\/index.php\/wp-json\/wp\/v2\/tags?post=12079"}],"curies":[{"name":"wp","href":"https:\/\/api.w.org\/{rel}","templated":true}]}}