{"id":12143,"date":"2024-02-21T11:22:53","date_gmt":"2024-02-21T14:22:53","guid":{"rendered":"https:\/\/diariorepublica.com.ar\/web\/?p=12143"},"modified":"2024-02-21T11:22:55","modified_gmt":"2024-02-21T14:22:55","slug":"febrero-se-despide-con-la-feria-de-la-puna-y-festivales","status":"publish","type":"post","link":"https:\/\/diariorepublica.com.ar\/web\/index.php\/locales\/2024\/02\/21\/febrero-se-despide-con-la-feria-de-la-puna-y-festivales\/","title":{"rendered":"<strong>Febrero se despide con la Feria de la Puna y Festivales<\/strong>"},"content":{"rendered":"<p style=\"font-weight: 400;\">El \u00faltimo fin de semana de febrero se despide con la Feria de la Puna, en Antofagasta de la Sierra, y festivales en el interior de la provincia, adem\u00e1s de las propuestas de pe\u00f1as, yapa de carnaval y actividades recreativas para los veraneantes que eligieron el \u00faltimo tramo de la temporada para descansar y disfrutar.<\/p>\n<p style=\"font-weight: 400;\">\n<p style=\"font-weight: 400;\">Del jueves 22 hasta el s\u00e1bado 24 se realizar\u00e1 la Feria ganadera y artesanal de la Puna, en el Predio Estaci\u00f3n Experimental de Altura en Antofagasta de la Sierra, que tendr\u00e1 todos los d\u00edas desde la ma\u00f1ana actividades productivas, tur\u00edsticas y cierres con espect\u00e1culos art\u00edsticos durante las tres noches en el Festival \u201cNoche en la Puna\u201d.<\/p>\n<p style=\"font-weight: 400;\">\n<p style=\"font-weight: 400;\">El viernes en el Tinglado de la Escuela N\u00b0 210, en La Puerta, se realizar\u00e1 la primera edici\u00f3n del \u201cFestival Provincial de La Nuez Confitada\u201d con una importante cartelera art\u00edstica que tendr\u00e1 en el escenario al Chaque\u00f1o Palavecino, quien celebra sus 40 a\u00f1os de trayectoria, y artistas locales.<\/p>\n<p style=\"font-weight: 400;\">\n<p style=\"font-weight: 400;\">El s\u00e1bado 24 se llevar\u00e1n a cabo los festivales del Milagro, en el Tinglado Cristo Rey, en Saujil; del Gaucho, en Punta de Balasto, en San Jos\u00e9 de Santa Mar\u00eda; y el 24 y domingo 25 en Villa Vil, Bel\u00e9n se realizar\u00e1 un festival en el marco del Misachico 2024.<\/p>\n<p style=\"font-weight: 400;\">\n<p style=\"font-weight: 400;\">La agenda cultural adem\u00e1s contin\u00faa el pr\u00f3ximo s\u00e1bado con el Ciclo de Pe\u00f1as en Ancasti, y con la yapa de carnaval en la Chaya en Huillapima, desde las 22 hs en el Polideportivo Municipal, y el domingo en La yapa del carnaval en el Camping El Dique, en Bel\u00e9n. El mismo d\u00eda en Ancasti habr\u00e1 m\u00fasica en vivo en el R\u00edo El Moj\u00f3n.<\/p>\n<p style=\"font-weight: 400;\">\n<p style=\"font-weight: 400;\"><strong>Actividades recreativas<\/strong><\/p>\n<p style=\"font-weight: 400;\">\n<p style=\"font-weight: 400;\">Los municipios comienzan a despedir la temporada con el cierre de actividades de verano. El jueves 22, desde las 19 hs en Hualf\u00edn habr\u00e1 un paseo con artesan\u00edas, confituras, gastronom\u00eda, manualidades, una pe\u00f1a folkl\u00f3rica y un \u201cbinguito familiar\u201d.<\/p>\n<p style=\"font-weight: 400;\">\n<p style=\"font-weight: 400;\">El viernes en Tinogasta el Bus Tur\u00edstico recorrer\u00e1 la Ruta del Adobe y Bodegas, el punto de encuentro ser\u00e1 en la Plaza Principal. En la Capital, habr\u00e1 traves\u00eda diurna en kayak a las 16 hs en el Dique El Jumeal y de Luna Llena a las 20 hs. El s\u00e1bado est\u00e1 programada la traves\u00eda en kayak en el Dique Las Pirquitas a las 20 hs.<\/p>\n<p style=\"font-weight: 400;\">\n<p style=\"font-weight: 400;\">Tambi\u00e9n el s\u00e1bado Posta! Disfruta el verano, el programa impulsado por el Ministerio de Cultura, Turismo y Deporte de la provincia, llegar\u00e1 a El Alto. Desde las 16 hs en la Plaza Gob. Juan Gregorio Cerezo comenzar\u00e1n las actividades que coordinar\u00e1n los equipos de las Secretar\u00edas de Deportes, de Gesti\u00f3n Tur\u00edstica y de Gesti\u00f3n Cultural.<\/p>\n","protected":false},"excerpt":{"rendered":"<p>El \u00faltimo fin de semana de febrero se despide con la Feria de la Puna, en Antofagasta de la Sierra,<\/p>\n","protected":false},"author":1,"featured_media":12144,"comment_status":"closed","ping_status":"closed","sticky":false,"template":"","format":"standard","meta":{"footnotes":"","jetpack_publicize_message":"","jetpack_publicize_feature_enabled":true,"jetpack_social_post_already_shared":true,"jetpack_social_options":{"image_generator_settings":{"template":"highway","enabled":false},"version":2}},"categories":[2],"tags":[],"class_list":["post-12143","post","type-post","status-publish","format-standard","has-post-thumbnail","hentry","category-locales"],"jetpack_publicize_connections":[],"_links":{"self":[{"href":"https:\/\/diariorepublica.com.ar\/web\/index.php\/wp-json\/wp\/v2\/posts\/12143"}],"collection":[{"href":"https:\/\/diariorepublica.com.ar\/web\/index.php\/wp-json\/wp\/v2\/posts"}],"about":[{"href":"https:\/\/diariorepublica.com.ar\/web\/index.php\/wp-json\/wp\/v2\/types\/post"}],"author":[{"embeddable":true,"href":"https:\/\/diariorepublica.com.ar\/web\/index.php\/wp-json\/wp\/v2\/users\/1"}],"replies":[{"embeddable":true,"href":"https:\/\/diariorepublica.com.ar\/web\/index.php\/wp-json\/wp\/v2\/comments?post=12143"}],"version-history":[{"count":1,"href":"https:\/\/diariorepublica.com.ar\/web\/index.php\/wp-json\/wp\/v2\/posts\/12143\/revisions"}],"predecessor-version":[{"id":12145,"href":"https:\/\/diariorepublica.com.ar\/web\/index.php\/wp-json\/wp\/v2\/posts\/12143\/revisions\/12145"}],"wp:featuredmedia":[{"embeddable":true,"href":"https:\/\/diariorepublica.com.ar\/web\/index.php\/wp-json\/wp\/v2\/media\/12144"}],"wp:attachment":[{"href":"https:\/\/diariorepublica.com.ar\/web\/index.php\/wp-json\/wp\/v2\/media?parent=12143"}],"wp:term":[{"taxonomy":"category","embeddable":true,"href":"https:\/\/diariorepublica.com.ar\/web\/index.php\/wp-json\/wp\/v2\/categories?post=12143"},{"taxonomy":"post_tag","embeddable":true,"href":"https:\/\/diariorepublica.com.ar\/web\/index.php\/wp-json\/wp\/v2\/tags?post=12143"}],"curies":[{"name":"wp","href":"https:\/\/api.w.org\/{rel}","templated":true}]}}