{"id":12156,"date":"2024-02-22T08:05:36","date_gmt":"2024-02-22T11:05:36","guid":{"rendered":"https:\/\/diariorepublica.com.ar\/web\/?p=12156"},"modified":"2024-02-22T08:05:38","modified_gmt":"2024-02-22T11:05:38","slug":"con-desenlace-abierto-comienza-el-debate-por-el-dnu-de-milei-en-el-congreso","status":"publish","type":"post","link":"https:\/\/diariorepublica.com.ar\/web\/index.php\/politica\/2024\/02\/22\/con-desenlace-abierto-comienza-el-debate-por-el-dnu-de-milei-en-el-congreso\/","title":{"rendered":"Con desenlace abierto, comienza el debate por el DNU de Milei en el Congreso"},"content":{"rendered":"<p>En en un marco de posiciones divididas que dejan entrever una panorama de extrema paridad de cara a la firma del dictamen, la comisi\u00f3n bicameral permanente de Tr\u00e1mite Legislativo se constituir\u00e1 formalmente ma\u00f1ana y se dar\u00e1 as\u00ed el puntapi\u00e9 inicial al tratamiento del mega DNU de desregulaci\u00f3n econ\u00f3mica que el Gobierno nacional dict\u00f3 en diciembre pasado.<\/p>\n<p>La reuni\u00f3n para la conformaci\u00f3n de la bicameral se llevar\u00e1 a cabo a partir de las 12 en el Sal\u00f3n de las Provincias del Senado, y se espera que cumplido ese tr\u00e1mite se inicie la discusi\u00f3n sobre la validez o no del mega decreto de necesidad y urgencia que est\u00e1 en vigencia desde el 28 de diciembre pasado.<\/p>\n<p>Tambi\u00e9n se debatir\u00e1 sobre si cumple con los requisitos de necesidad y urgencia y si no legisla sobre materias que la Constituci\u00f3n veda.<\/p>\n<p>La comisi\u00f3n tendr\u00e1 en teor\u00eda diez d\u00edas para dictaminar (es decir, hasta el 7 de marzo), aunque el manejo de los tiempos estar\u00e1 en manos del oficialismo, que reclama la presidencia del cuerpo y propone al senador Juan Carlos Pagotto (aunque en el radicalismo hay reparos sobre esa decisi\u00f3n ya que el libertario es nuevo en la C\u00e1mara y el reglamento es claro respecto de no encumbrar a representantes sin experiencia).<\/p>\n<p>La conformaci\u00f3n de la bicameral se activ\u00f3 luego de que el presidente de la C\u00e1mara baja, Mart\u00edn Menem, diera a conocer los nombres de los ocho diputados que integrar\u00e1n la comisi\u00f3n junto a los ocho senadores anunciados el 2 de enero pasado por la vicepresidenta y titular del Senado, Victoria Villarruel.<\/p>\n<p>De los 16 miembros totales, Uni\u00f3n por la Patria tendr\u00e1 seis representantes, en tanto que tres ser\u00e1n de La Libertad Avanza, dos del PRO, dos de la UCR, uno de Hacemos Coalici\u00f3n Federal, uno de Cambio Federal y otro de Unidad Federal.<\/p>\n<p>Por el Senado integrar\u00e1n la bicameral Juan Carlos Pagotto (LLA), V\u00edctor Zimmermann (UCR), Luis Juez (PRO), Juan Carlos Romero (CF), Carlos \u201cCamau\u201d Esp\u00ednola (UF), y Anabel Fern\u00e1ndez Sagasti, Mariano Recalde y Mar\u00eda Teresa Gonz\u00e1lez, de UP.<\/p>\n<p>Por Diputados, ser\u00e1n parte el jefe de bancada libertaria, Oscar Zago; y el correntino Lisandro Almir\u00f3n, por el oficialismo; Hern\u00e1n Lombardi, por el PRO; el catamarque\u00f1o Francisco Monti; por el radicalismo; Nicol\u00e1s Massot, de Hacemos Coalici\u00f3n Federal; y Carolina Gaillard, Ramiro Guti\u00e9rrez y Vanesa Siley, por Uni\u00f3n por la Patria.<\/p>\n<p>Entre La Libertad Avanza, el PRO y Cambio Federal, que son los sectores que est\u00e1n decididamente a favor del DNU, suman seis voluntades, la misma cantidad que los representantes de Uni\u00f3n por la Patria que est\u00e1n firmemente en contra.<\/p>\n<p>Los votos clave ser\u00e1n entonces los restantes cuatro integrantes de las fuerzas intermedias, que inclinar\u00e1n la balanza para uno u otro lado. Se trata de los senadores Zimmerman y Camau Esp\u00ednola y los diputados Monti y Massot.<\/p>\n<p>La definici\u00f3n de la n\u00f3mina de ocho integrantes de la C\u00e1mara de Diputados para conformar la comisi\u00f3n bicameral se estir\u00f3 m\u00e1s de la cuenta porque qued\u00f3 enredada en una puja entre Menem y la bancada liderada por Germ\u00e1n Mart\u00ednez, que a trav\u00e9s de varios pedidos formales presion\u00f3 infructuosamente para que le concedieran cuatro lugares.<\/p>\n<p>El mi\u00e9rcoles de la semana pasada, despu\u00e9s de pisar la definici\u00f3n y con el plazo sobradamente vencido para conformar la bicameral, sumado a un pedido del radicalismo para que apurara el tr\u00e1mite, el titular de la C\u00e1mara baja le envi\u00f3 una misiva al diputado kirchnerista para rechazar la petici\u00f3n.<\/p>\n<p>Y finalmente el lunes el riojano comunic\u00f3 oficialmente la n\u00f3mina de ocho diputados nacionales para la bicameral, con tres cupos para Uni\u00f3n por la Patria.<\/p>\n<p>Al margen del tratamiento en la comisi\u00f3n, al ya haberse vencido los plazos para la conformaci\u00f3n de la bicameral, el Senado -que es la c\u00e1mara por la que el DNU ingres\u00f3- est\u00e1 habilitado para abordarlo directamente en el recinto.<\/p>\n<p>El oficialismo intentar\u00e1 dilatar lo m\u00e1s posible ese escenario, ya que Uni\u00f3n por la Patria tiene 33 senadores y est\u00e1 a tan s\u00f3lo cuatro votos de lograr la mayor\u00eda necesaria para rechazar el DNU. Alll\u00ed, las perspectivas son buenas para la fuerza opositora.<\/p>\n<p>De todos modos, para poder invalidar el decreto se requiere el rechazo de ambas c\u00e1maras (de lo contrario queda definitivamente avalado y vigente), por lo que si el Senado avanzara en esa direcci\u00f3n luego el oficialismo podr\u00eda juntar una mayor\u00eda junto a los bloques de la oposici\u00f3n dialoguista para aprobarlo.<\/p>\n<p>Fuente: NA.<\/p>\n","protected":false},"excerpt":{"rendered":"<p>En en un marco de posiciones divididas que dejan entrever una panorama de extrema paridad de cara a la firma<\/p>\n","protected":false},"author":1,"featured_media":12157,"comment_status":"closed","ping_status":"closed","sticky":false,"template":"","format":"standard","meta":{"footnotes":"","jetpack_publicize_message":"","jetpack_publicize_feature_enabled":true,"jetpack_social_post_already_shared":true,"jetpack_social_options":{"image_generator_settings":{"template":"highway","enabled":false},"version":2}},"categories":[12],"tags":[],"class_list":["post-12156","post","type-post","status-publish","format-standard","has-post-thumbnail","hentry","category-politica"],"jetpack_publicize_connections":[],"_links":{"self":[{"href":"https:\/\/diariorepublica.com.ar\/web\/index.php\/wp-json\/wp\/v2\/posts\/12156"}],"collection":[{"href":"https:\/\/diariorepublica.com.ar\/web\/index.php\/wp-json\/wp\/v2\/posts"}],"about":[{"href":"https:\/\/diariorepublica.com.ar\/web\/index.php\/wp-json\/wp\/v2\/types\/post"}],"author":[{"embeddable":true,"href":"https:\/\/diariorepublica.com.ar\/web\/index.php\/wp-json\/wp\/v2\/users\/1"}],"replies":[{"embeddable":true,"href":"https:\/\/diariorepublica.com.ar\/web\/index.php\/wp-json\/wp\/v2\/comments?post=12156"}],"version-history":[{"count":1,"href":"https:\/\/diariorepublica.com.ar\/web\/index.php\/wp-json\/wp\/v2\/posts\/12156\/revisions"}],"predecessor-version":[{"id":12158,"href":"https:\/\/diariorepublica.com.ar\/web\/index.php\/wp-json\/wp\/v2\/posts\/12156\/revisions\/12158"}],"wp:featuredmedia":[{"embeddable":true,"href":"https:\/\/diariorepublica.com.ar\/web\/index.php\/wp-json\/wp\/v2\/media\/12157"}],"wp:attachment":[{"href":"https:\/\/diariorepublica.com.ar\/web\/index.php\/wp-json\/wp\/v2\/media?parent=12156"}],"wp:term":[{"taxonomy":"category","embeddable":true,"href":"https:\/\/diariorepublica.com.ar\/web\/index.php\/wp-json\/wp\/v2\/categories?post=12156"},{"taxonomy":"post_tag","embeddable":true,"href":"https:\/\/diariorepublica.com.ar\/web\/index.php\/wp-json\/wp\/v2\/tags?post=12156"}],"curies":[{"name":"wp","href":"https:\/\/api.w.org\/{rel}","templated":true}]}}