{"id":12162,"date":"2024-02-22T07:38:00","date_gmt":"2024-02-22T10:38:00","guid":{"rendered":"https:\/\/diariorepublica.com.ar\/web\/?p=12162"},"modified":"2024-02-22T08:10:37","modified_gmt":"2024-02-22T11:10:37","slug":"dani-alves-fue-condenado-a-4-anos-y-medio-de-prision-por-la-violacion-de-una-joven","status":"publish","type":"post","link":"https:\/\/diariorepublica.com.ar\/web\/index.php\/internacionales\/2024\/02\/22\/dani-alves-fue-condenado-a-4-anos-y-medio-de-prision-por-la-violacion-de-una-joven\/","title":{"rendered":"Dani Alves fue condenado a 4 a\u00f1os y medio de prisi\u00f3n por la violaci\u00f3n de una joven"},"content":{"rendered":"<p>Este jueves se conoci\u00f3 la sentencia contra\u00a0<strong>Dani Alves<\/strong>. El futbolista\u00a0<strong>fue condenado a cuatro a\u00f1os y medio de prisi\u00f3n por haber violado a una mujer<\/strong>\u00a0en uno de los ba\u00f1os del club nocturno Sutton, ubicado en Barcelona. Seg\u00fan el fallo, el brasile\u00f1o\u00a0<strong>forz\u00f3 la voluntad de\u00a0la v\u00edctima\u00a0a trav\u00e9s del \u00abuso de la violencia\u00bb<\/strong>.<\/p>\n<p>La resoluci\u00f3n fue emitida por la\u00a0<strong>Audiencia de Barcelona<\/strong>\u00a0e indic\u00f3 que se trat\u00f3 de\u00a0<strong>un delito de agresi\u00f3n sexual<\/strong>. Adem\u00e1s del tiempo en la c\u00e1rcel, tendr\u00e1 que cumplir\u00a0<strong>otros cinco de libertad vigilada, nueve sin acercarse a la mujer damnificada y deber\u00e1 indemnizarla con 150.000 euros<\/strong>.<\/p>\n<p><strong>La Fiscal\u00eda hab\u00eda solicitado nueve a\u00f1os de c\u00e1rcel para Dani Alves<\/strong>, mientras que la acusaci\u00f3n particular pidi\u00f3 12, durante el juicio que tuvo lugar durante el 5 y 7 de febrero<\/p>\n<p>os detalles del fallo indican que se pudo comprobar que\u00a0<strong>el brasile\u00f1o \u00abcogi\u00f3 bruscamente\u00bb a la v\u00edctima, la tir\u00f3 al suelo y, evitando que se pudiera mover, la viol\u00f3<\/strong>, \u00abpese a que la denunciante dec\u00eda que no, que se quer\u00eda ir\u00bb.<\/p>\n<p>Seg\u00fan la Audiencia, \u00abpara la existencia de agresi\u00f3n sexual no es preciso que se produzcan lesiones f\u00edsicas, ni que conste una heroica oposici\u00f3n de la v\u00edctima a mantener relaciones sexuales\u00bb. El futbolista ya\u00a0<strong>llevaba un a\u00f1o en prisi\u00f3n preventiva<\/strong>.<\/p>\n","protected":false},"excerpt":{"rendered":"<p>Este jueves se conoci\u00f3 la sentencia contra\u00a0Dani Alves. El futbolista\u00a0fue condenado a cuatro a\u00f1os y medio de prisi\u00f3n por haber<\/p>\n","protected":false},"author":1,"featured_media":12163,"comment_status":"closed","ping_status":"closed","sticky":false,"template":"","format":"standard","meta":{"footnotes":"","jetpack_publicize_message":"","jetpack_publicize_feature_enabled":true,"jetpack_social_post_already_shared":true,"jetpack_social_options":{"image_generator_settings":{"template":"highway","enabled":false},"version":2}},"categories":[6],"tags":[],"class_list":["post-12162","post","type-post","status-publish","format-standard","has-post-thumbnail","hentry","category-internacionales"],"jetpack_publicize_connections":[],"_links":{"self":[{"href":"https:\/\/diariorepublica.com.ar\/web\/index.php\/wp-json\/wp\/v2\/posts\/12162"}],"collection":[{"href":"https:\/\/diariorepublica.com.ar\/web\/index.php\/wp-json\/wp\/v2\/posts"}],"about":[{"href":"https:\/\/diariorepublica.com.ar\/web\/index.php\/wp-json\/wp\/v2\/types\/post"}],"author":[{"embeddable":true,"href":"https:\/\/diariorepublica.com.ar\/web\/index.php\/wp-json\/wp\/v2\/users\/1"}],"replies":[{"embeddable":true,"href":"https:\/\/diariorepublica.com.ar\/web\/index.php\/wp-json\/wp\/v2\/comments?post=12162"}],"version-history":[{"count":1,"href":"https:\/\/diariorepublica.com.ar\/web\/index.php\/wp-json\/wp\/v2\/posts\/12162\/revisions"}],"predecessor-version":[{"id":12164,"href":"https:\/\/diariorepublica.com.ar\/web\/index.php\/wp-json\/wp\/v2\/posts\/12162\/revisions\/12164"}],"wp:featuredmedia":[{"embeddable":true,"href":"https:\/\/diariorepublica.com.ar\/web\/index.php\/wp-json\/wp\/v2\/media\/12163"}],"wp:attachment":[{"href":"https:\/\/diariorepublica.com.ar\/web\/index.php\/wp-json\/wp\/v2\/media?parent=12162"}],"wp:term":[{"taxonomy":"category","embeddable":true,"href":"https:\/\/diariorepublica.com.ar\/web\/index.php\/wp-json\/wp\/v2\/categories?post=12162"},{"taxonomy":"post_tag","embeddable":true,"href":"https:\/\/diariorepublica.com.ar\/web\/index.php\/wp-json\/wp\/v2\/tags?post=12162"}],"curies":[{"name":"wp","href":"https:\/\/api.w.org\/{rel}","templated":true}]}}