{"id":12165,"date":"2024-02-22T08:13:21","date_gmt":"2024-02-22T11:13:21","guid":{"rendered":"https:\/\/diariorepublica.com.ar\/web\/?p=12165"},"modified":"2024-02-22T08:13:24","modified_gmt":"2024-02-22T11:13:24","slug":"gobierno-confirmo-el-monto-del-bono-para-los-jubilados-de-anses","status":"publish","type":"post","link":"https:\/\/diariorepublica.com.ar\/web\/index.php\/economia\/2024\/02\/22\/gobierno-confirmo-el-monto-del-bono-para-los-jubilados-de-anses\/","title":{"rendered":"Gobierno confirm\u00f3 el monto del bono para los jubilados de ANSES"},"content":{"rendered":"<article class=\"article-body article-body--first-paragraph content-protected-false\" data-td-script-src=\"https:\/\/www.ambito.com\/td\/modulos\/encuestas\/js\/function-embeds-min-version-1708488439.js\">El ministro de Econom\u00eda,\u00a0<strong>Luis Caputo,<\/strong>\u00a0adelant\u00f3 esta noche que el Gobierno<strong>\u00a0otorgar\u00e1 un bono de $70.000<\/strong>\u00a0a los\u00a0<strong>jubilados\u00a0<\/strong>que perciben sus haberes en la\u00a0<strong>ANSES<\/strong>\u00a0y se\u00f1al\u00f3 que la jubilaci\u00f3n m\u00ednima, con el aumento del 27,18%, totalizar\u00e1 casi 205.000 pesos.<\/p>\n<\/article>\n<article class=\"article-body article-body--second-paragraph content-protected-false\">Durante una entrevista, el titular del\u00a0<strong>Palacio de Hacienda<\/strong>\u00a0afirm\u00f3 que \u00abcon el\u00a0<strong>bono<\/strong>\u00a0de\u00a0<strong>70.000 pesos<\/strong>, la jubilaci\u00f3n m\u00ednima, que con el aumento del 27,18% se va a $130.000, totalizar\u00e1 casi $205.000 pesos\u00bb. El incremento se otorgar\u00e1 para aquellos que cobran el haber m\u00ednimo.<\/p>\n<article class=\"article-body article-body--third-paragraph content-protected-false\">La<strong>\u00a0Administraci\u00f3n Nacional de Seguridad Social (ANSES)<\/strong>\u00a0formaliz\u00f3 en las \u00faltimas horas a trav\u00e9s de una resoluci\u00f3n publicada en el\u00a0<strong>Bolet\u00edn Oficial\u00a0<\/strong>que la f\u00f3rmula de movilidad previsional arroj\u00f3 un \u00edndice del 27,18% para marzo. El resultado del c\u00e1lculo de la f\u00f3rmula vigente implica un aumento de las prestaciones significativamente por debajo de la inflaci\u00f3n registrada en los \u00faltimos dos meses y medio.<\/p>\n<\/article>\n<article class=\"article-body article-body--fourth-paragraph content-protected-false\">\n<h6>El Gobierno confirm\u00f3 que pagar\u00e1 un bono de $70.000 a los jubilados<\/h6>\n<p>Con el incremento del 27,18%,<strong>\u00a0el haber bruto m\u00ednimo se elevar\u00e1 de $105.713 a $134.446<\/strong>, Si a ese monto se le agrega el<strong>\u00a0bono de $70.000<\/strong>, la jubilaci\u00f3n m\u00ednima a cobrar ser\u00e1 de $205.000, mientras que el haber bruto m\u00e1ximo pasar\u00e1 de $711.346 a $904.690.<\/p>\n<\/article>\n<article class=\"article-body article-body--remaining-paragraph content-protected-false\">Respecto a la jubilaci\u00f3n m\u00ednima,\u00a0<strong>Caputo,<\/strong>\u00a0en di\u00e1logo con TN, dijo que<strong>\u00a0\u00abcasi el 95% de los que cobran son los que no aportaron lo que corresponde\u00bb<\/strong>\u00a0y aprovech\u00f3 para criticar al\u00a0<strong>kirchernismo:<\/strong>\u00a0\u00abLos que no aportaron son dos tercios. Esa fue la gran idea del gobierno anterior de imprimir plata y meter cuatro millones de jubilados m\u00e1s\u00bb.<\/p>\n<p>El ministro se refiri\u00f3 a las cr\u00edticas de la oposici\u00f3n por la p\u00e9rdida del poder adquisitivo de las jubilaciones y se\u00f1al\u00f3 que\u00a0<strong>\u00abla pobreza dentro de los jubilados es del 15%\u00bb<\/strong>, mientras que\u00a0<strong>la pobreza infantil \u00abes del 60% o m\u00e1s\u00bb<\/strong>, por lo que pidi\u00f3 poner \u00abtodo en perspectiva\u00bb.<\/p>\n<p>Adem\u00e1s, record\u00f3 que en la ley \u00f3mnibus el oficialismo hab\u00eda planteado un cambio en el c\u00e1lculo para evitar que el deterioro de los haberes.<strong>\u00a0\u00abNosotros dijimos de corregir la formula en beneficio de los jubilados, propon\u00edamos IPC, que no pierdan poder adquisitivo\u00bb, dijo<\/strong>, pero la ley finalmente no fue aprobada.<\/p>\n<p>De todas maneras, dijo que debido a los efectos que tiene el c\u00e1lculo en el contexto actual\u00a0<strong>\u00abhay que compensar a los jubilados\u00bb\u00a0<\/strong>porque\u00a0<strong>\u00abno puedo casarlos con esa f\u00f3rmula porque ser\u00eda demasiado injusto\u00bb.<\/strong><\/p>\n<h6>Luis Caputo habl\u00f3 de la inflaci\u00f3n y la recuperaci\u00f3n econ\u00f3mica<\/h6>\n<p>El ministro se refiri\u00f3 a la evoluci\u00f3n de la\u00a0<strong>actividad econ\u00f3mica<\/strong>\u00a0para los pr\u00f3ximos meses y adelant\u00f3 cu\u00e1ndo empezar\u00e1 a caer considerablemente la\u00a0<strong>inflaci\u00f3n.<\/strong>\u00a0\u00abLas cosas est\u00e1n mejorando m\u00e1s de lo que cualquier economista hubiera previsto. Y tendemos a pensar que ya<strong>\u00a0el ultimo trimestre de este a\u00f1o vamos a ver una recuperaci\u00f3n<\/strong>\u00ab, dijo.<\/p>\n<p>Adem\u00e1s, remarc\u00f3 que \u00abcuanto antes bajemos la inflaci\u00f3n, m\u00e1s r\u00e1pido veremos el rebote de la econom\u00eda\u00bb y remarc\u00f3: \u00abPara bajar la inflaci\u00f3n hay que ser disciplinado\u00bb.<\/p>\n<p>Sobre el \u00edndice de precios de\u00a0<strong>febrero<\/strong>\u00a0dijo esperar \u00abque\u00a0<strong>cierre con menos de 15%<\/strong>\u00bb y adelant\u00f3 que \u00ab<strong>para el cierre del primer semestre ya vamos a estar en un d\u00edgito\u00bb.<\/strong><\/p>\n<p>Respecto al ajuste,\u00a0<strong>Caputo<\/strong>\u00a0reconoci\u00f3 que<strong>\u00a0la clase media \u00abla est\u00e1 pasando mal\u00bb<\/strong>\u00a0pero agreg\u00f3: \u00ab<strong>Nosotros lo dijimos siempre.<\/strong>\u00a0Hay un contrato muy claro que creo que la gente aprecia mucho porque decimos la verdad 100%\u00bb.<\/p>\n<p>\u00abReconocimos siempre que iba a ser duro, que es algo triste pero entendible\u00bb, subray\u00f3 y apunt\u00f3 que\u00a0<strong>\u00abestamos trabajando y haciendo lo imposible para que esta transici\u00f3n sea lo menos gravosa, pero no hab\u00eda otra\u00bb.<\/strong><\/p>\n<p>El ministro sostuvo que el ajuste no solo est\u00e1 afectando al ciudadano de a pie sino que \u00abtambi\u00e9n est\u00e1 habiendo una compresi\u00f3n fuerte de los m\u00e1rgenes de las empresas\u00bb.<\/p>\n<h6>Luis Caputo sobre el FMI: \u00abEst\u00e1 abierto a explorar un nuevo acuerdo\u00bb<\/h6>\n<p><strong>Caputo<\/strong>\u00a0dijo que \u00abtodas<strong>\u00a0las miradas del mundo est\u00e1n puestas en la Argentina<\/strong>\u00a0y que mucha gente est\u00e1 preguntando para venir a invertir en la Argentina\u00bb.<\/p>\n<p><strong>\u00abTenemos un presidente que es un polo de atracci\u00f3n en la Argentina\u00bb, destac\u00f3 el ministro<\/strong>, y mencion\u00f3 a empresas de energ\u00eda y miner\u00eda.\u00a0<strong>\u00abMilei es una persona que est\u00e1 fijando una agenda que genera un inter\u00e9s impresionante, mi admiraci\u00f3n por el presidente es total\u00bb, destac\u00f3.<\/strong><\/p>\n<p>Por otro lado,\u00a0<strong>el titular de Hacienda dijo que el FMI est\u00e1 \u00abm\u00e1s que impresionado por lo que est\u00e1 haciendo la Argentina\u00bb y dijo que es \u00abm\u00e1s de lo que hubiese pedido el Fondo\u00bb.<\/strong><\/p>\n<p>Luego de mantener una\u00a0reuni\u00f3n esta tarde con\u00a0<strong>Gita Gopinath,<\/strong>\u00a0n\u00famero dos del organismo, el funcionario adelant\u00f3 que\u00a0el\u00a0<strong>FMI<\/strong>\u00a0est\u00e1 \u00ababierto a explorar un nuevo acuerdo para ver si hay algo mejor que podamos hacer para los argentino\u00bb.<\/p>\n<p>\u00abSi es un acuerdo mejor que implique m\u00e1s desembolsos, mejor\u00bb, dijo\u00a0<strong>Caputo.<\/strong><\/p>\n<h6><strong>Luis Caputo descart\u00f3 una nueva devaluaci\u00f3n<\/strong><\/h6>\n<p>El ministro\u00a0<strong>descart\u00f3<\/strong>\u00a0de plano que el Gobierno de\u00a0<strong>Javier Milei<\/strong>\u00a0est\u00e9 evaluando aplicar un\u00a0<strong>nuevo salto en el tipo de cambio<\/strong>, luego del aplicado en diciembre pasado que rond\u00f3 el 118%.<\/p>\n<p>El titular de Hacienda, quien reconoci\u00f3 en otras entrevistas haber realizado un<strong>\u00a0\u00abovershooting\u00bb del d\u00f3lar<\/strong>, es decir, devaluar por dem\u00e1s para adelantarse al salto inflacionario, se\u00f1al\u00f3 esta noche que, debido al valor actual de la divisa\u00a0<strong>\u00abno est\u00e1 en nuestros planes devaluar\u00bb nuevamente<\/strong>\u00a0y reiter\u00f3 que el objetivo central del Gobierno es lograr reducir la inflaci\u00f3n.\u00a0<strong>\u00abEst\u00e1 bajando m\u00e1s de lo que se esperaba\u00bb, dijo.<\/strong><\/p>\n<p>\u00abHay un error com\u00fan de comparar el tipo de cambio real actual con el del final de\u00a0<strong>Alberto Fern\u00e1ndez.<\/strong>\u00a0No es un tipo de cambio real comparable\u00bb, remarc\u00f3 porque Argentina va a pasar \u00abde 15 puntos de d\u00e9ficit fiscal consolidado a una situaci\u00f3n de\u00a0<strong>equilibrio<\/strong>\u00a0y\u00a0<strong>super\u00e1vit comercial<\/strong>\u00a0de un mes para otro, el tipo de cambio tambi\u00e9n va a corregir r\u00e1pidamente\u00bb.<\/p>\n<p><strong>\u00abEstamos en rehabilitaci\u00f3n\u00bb econ\u00f3mica<\/strong>, dijo el ministro, aunque reiter\u00f3 que\u00a0<strong>\u00abla meta es dolarizar\u00bb<\/strong>.\u00a0<strong>\u00abLo vamos a hacer cuando est\u00e9n las condiciones \u00f3ptimas\u00bb, concluy\u00f3.<\/strong><\/p>\n<\/article>\n<\/article>\n","protected":false},"excerpt":{"rendered":"<p>El ministro de Econom\u00eda,\u00a0Luis Caputo,\u00a0adelant\u00f3 esta noche que el Gobierno\u00a0otorgar\u00e1 un bono de $70.000\u00a0a los\u00a0jubilados\u00a0que perciben sus haberes en la\u00a0ANSES\u00a0y<\/p>\n","protected":false},"author":1,"featured_media":12166,"comment_status":"closed","ping_status":"closed","sticky":false,"template":"","format":"standard","meta":{"footnotes":"","jetpack_publicize_message":"","jetpack_publicize_feature_enabled":true,"jetpack_social_post_already_shared":true,"jetpack_social_options":{"image_generator_settings":{"template":"highway","enabled":false},"version":2}},"categories":[5],"tags":[],"class_list":["post-12165","post","type-post","status-publish","format-standard","has-post-thumbnail","hentry","category-economia"],"jetpack_publicize_connections":[],"_links":{"self":[{"href":"https:\/\/diariorepublica.com.ar\/web\/index.php\/wp-json\/wp\/v2\/posts\/12165"}],"collection":[{"href":"https:\/\/diariorepublica.com.ar\/web\/index.php\/wp-json\/wp\/v2\/posts"}],"about":[{"href":"https:\/\/diariorepublica.com.ar\/web\/index.php\/wp-json\/wp\/v2\/types\/post"}],"author":[{"embeddable":true,"href":"https:\/\/diariorepublica.com.ar\/web\/index.php\/wp-json\/wp\/v2\/users\/1"}],"replies":[{"embeddable":true,"href":"https:\/\/diariorepublica.com.ar\/web\/index.php\/wp-json\/wp\/v2\/comments?post=12165"}],"version-history":[{"count":1,"href":"https:\/\/diariorepublica.com.ar\/web\/index.php\/wp-json\/wp\/v2\/posts\/12165\/revisions"}],"predecessor-version":[{"id":12167,"href":"https:\/\/diariorepublica.com.ar\/web\/index.php\/wp-json\/wp\/v2\/posts\/12165\/revisions\/12167"}],"wp:featuredmedia":[{"embeddable":true,"href":"https:\/\/diariorepublica.com.ar\/web\/index.php\/wp-json\/wp\/v2\/media\/12166"}],"wp:attachment":[{"href":"https:\/\/diariorepublica.com.ar\/web\/index.php\/wp-json\/wp\/v2\/media?parent=12165"}],"wp:term":[{"taxonomy":"category","embeddable":true,"href":"https:\/\/diariorepublica.com.ar\/web\/index.php\/wp-json\/wp\/v2\/categories?post=12165"},{"taxonomy":"post_tag","embeddable":true,"href":"https:\/\/diariorepublica.com.ar\/web\/index.php\/wp-json\/wp\/v2\/tags?post=12165"}],"curies":[{"name":"wp","href":"https:\/\/api.w.org\/{rel}","templated":true}]}}