{"id":12185,"date":"2024-02-22T12:51:12","date_gmt":"2024-02-22T15:51:12","guid":{"rendered":"https:\/\/diariorepublica.com.ar\/web\/?p=12185"},"modified":"2024-02-22T12:51:14","modified_gmt":"2024-02-22T15:51:14","slug":"el-gobierno-logro-acuerdo-salarial-con-las-fuerzas-de-seguridad","status":"publish","type":"post","link":"https:\/\/diariorepublica.com.ar\/web\/index.php\/politica\/2024\/02\/22\/el-gobierno-logro-acuerdo-salarial-con-las-fuerzas-de-seguridad\/","title":{"rendered":"El Gobierno logr\u00f3 acuerdo salarial con las fuerzas de Seguridad"},"content":{"rendered":"<p>El Gobierno provincial y parte de las fuerzas de Seguridad llegaron a un acuerdo. Hoy se reuni\u00f3 el gobernador Ra\u00fal Jalil, junto a representantes de polic\u00edas retirados, personal de Servicio Penitenciario y familiares de agentes activos.<\/p>\n<p>El encuentro entre el jefe provincial se dio pasada las 11 en Casa de Gobierno, luego de lo que fue una conflictiva protesta en la jornada de ayer, que termin\u00f3 con un encontronazo entre las fuerzas que custodian el edificio gubernamental y los manifestantes.<\/p>\n<p>Las partes habr\u00edan acordado un aumento del 30% bimestral m\u00e1s un bono de 30 mil pesos. De la reuni\u00f3n particip\u00f3 la ministra de Seguridad, Fabiola Segura; la ministra de Econom\u00eda, Alejandra Nazareno; el comisario Ulises C\u00f3rdoba y las 4 representantes de efectivos y Servicio Penitenciario.<\/p>\n","protected":false},"excerpt":{"rendered":"<p>El Gobierno provincial y parte de las fuerzas de Seguridad llegaron a un acuerdo. Hoy se reuni\u00f3 el gobernador Ra\u00fal<\/p>\n","protected":false},"author":2,"featured_media":12187,"comment_status":"closed","ping_status":"closed","sticky":false,"template":"","format":"standard","meta":{"footnotes":"","jetpack_publicize_message":"","jetpack_publicize_feature_enabled":true,"jetpack_social_post_already_shared":true,"jetpack_social_options":{"image_generator_settings":{"template":"highway","enabled":false},"version":2}},"categories":[12],"tags":[],"class_list":["post-12185","post","type-post","status-publish","format-standard","has-post-thumbnail","hentry","category-politica"],"jetpack_publicize_connections":[],"_links":{"self":[{"href":"https:\/\/diariorepublica.com.ar\/web\/index.php\/wp-json\/wp\/v2\/posts\/12185"}],"collection":[{"href":"https:\/\/diariorepublica.com.ar\/web\/index.php\/wp-json\/wp\/v2\/posts"}],"about":[{"href":"https:\/\/diariorepublica.com.ar\/web\/index.php\/wp-json\/wp\/v2\/types\/post"}],"author":[{"embeddable":true,"href":"https:\/\/diariorepublica.com.ar\/web\/index.php\/wp-json\/wp\/v2\/users\/2"}],"replies":[{"embeddable":true,"href":"https:\/\/diariorepublica.com.ar\/web\/index.php\/wp-json\/wp\/v2\/comments?post=12185"}],"version-history":[{"count":1,"href":"https:\/\/diariorepublica.com.ar\/web\/index.php\/wp-json\/wp\/v2\/posts\/12185\/revisions"}],"predecessor-version":[{"id":12188,"href":"https:\/\/diariorepublica.com.ar\/web\/index.php\/wp-json\/wp\/v2\/posts\/12185\/revisions\/12188"}],"wp:featuredmedia":[{"embeddable":true,"href":"https:\/\/diariorepublica.com.ar\/web\/index.php\/wp-json\/wp\/v2\/media\/12187"}],"wp:attachment":[{"href":"https:\/\/diariorepublica.com.ar\/web\/index.php\/wp-json\/wp\/v2\/media?parent=12185"}],"wp:term":[{"taxonomy":"category","embeddable":true,"href":"https:\/\/diariorepublica.com.ar\/web\/index.php\/wp-json\/wp\/v2\/categories?post=12185"},{"taxonomy":"post_tag","embeddable":true,"href":"https:\/\/diariorepublica.com.ar\/web\/index.php\/wp-json\/wp\/v2\/tags?post=12185"}],"curies":[{"name":"wp","href":"https:\/\/api.w.org\/{rel}","templated":true}]}}