{"id":12194,"date":"2024-02-23T08:05:05","date_gmt":"2024-02-23T11:05:05","guid":{"rendered":"https:\/\/diariorepublica.com.ar\/web\/?p=12194"},"modified":"2024-02-23T08:05:07","modified_gmt":"2024-02-23T11:05:07","slug":"antony-blinken-llego-a-la-argentina-para-reunirse-con-javier-milei","status":"publish","type":"post","link":"https:\/\/diariorepublica.com.ar\/web\/index.php\/politica\/2024\/02\/23\/antony-blinken-llego-a-la-argentina-para-reunirse-con-javier-milei\/","title":{"rendered":"Antony Blinken lleg\u00f3 a la Argentina para reunirse con Javier Milei"},"content":{"rendered":"<p>El secretario de Estado de los Estados Unidos, Antony Blinken, arrib\u00f3 este jueves por la noche a la Argentina y este viernes se reunir\u00e1 con el presidente Javier Milei en Casa Rosada.<\/p>\n<p>La llegada del funcionario estadounidense se da en el marco de una gira rel\u00e1mpago que est\u00e1 realizando por Am\u00e9rica Latina. Antes de pisar suelo argentino hab\u00eda estado en Brasil.<\/p>\n<p>Respecto de la reuni\u00f3n que tendr\u00e1 con el mandatario nacional, la misma est\u00e1 pautada para las 11 de la ma\u00f1ana. All\u00ed, se prev\u00e9 que est\u00e9 la canciller Diana Mondino.<\/p>\n<p>Blinken, que viene de reunirse en Brasil con sus hom\u00f3logos del grupo G20 y con el presidente Luiz In\u00e1cio Lula da Silva, concret\u00f3 su primer desembarco en la Argentina.<\/p>\n<p>\u201c\u00a1Bienvenido secretario Antony Blinken a la Argentina!\u201d, public\u00f3 la Embajada de Estados Unidos en la Argentina en su cuenta de Facebook, junto con varias im\u00e1genes en la que se lo ve al funcionario bajando del avi\u00f3n que lo traslad\u00f3 desde Brasil.<\/p>\n<p>Milei se reunir\u00e1 con Blinken el viernes a la ma\u00f1ana y a la noche tiene previsto viajar a Washington, donde tiene pactado un encuentro con el ex presidente estadounidense Donald Trump, opositor al gobierno de Joe Biden de cara a las elecciones de noviembre de este a\u00f1o.<\/p>\n<p><strong>C\u00f3mo ser\u00e1 la agenda de Blinken en la Argentina<\/strong><\/p>\n<p>La Embajada de Estados Unidos en Buenos Aires public\u00f3 en sus redes sociales, previo a la llegada de Blinken, c\u00f3mo ser\u00eda su agenda en la Argentina.<\/p>\n<p>\u201cEn Buenos Aires, el secretario Blinken se reunir\u00e1 con el presidente argentino Javier Milei para dialogar sobre asuntos bilaterales y globales, incluyendo el crecimiento econ\u00f3mico sostenible, nuestro compromiso compartido con los derechos humanos y la gobernabilidad democr\u00e1tica, los minerales cr\u00edticos, y la mejora del comercio y la inversi\u00f3n en beneficio de ambos pa\u00edses\u201d, mencion\u00f3 en X.<\/p>\n","protected":false},"excerpt":{"rendered":"<p>El secretario de Estado de los Estados Unidos, Antony Blinken, arrib\u00f3 este jueves por la noche a la Argentina y<\/p>\n","protected":false},"author":1,"featured_media":12195,"comment_status":"closed","ping_status":"closed","sticky":false,"template":"","format":"standard","meta":{"footnotes":"","jetpack_publicize_message":"","jetpack_publicize_feature_enabled":true,"jetpack_social_post_already_shared":true,"jetpack_social_options":{"image_generator_settings":{"template":"highway","enabled":false},"version":2}},"categories":[12],"tags":[],"class_list":["post-12194","post","type-post","status-publish","format-standard","has-post-thumbnail","hentry","category-politica"],"jetpack_publicize_connections":[],"_links":{"self":[{"href":"https:\/\/diariorepublica.com.ar\/web\/index.php\/wp-json\/wp\/v2\/posts\/12194"}],"collection":[{"href":"https:\/\/diariorepublica.com.ar\/web\/index.php\/wp-json\/wp\/v2\/posts"}],"about":[{"href":"https:\/\/diariorepublica.com.ar\/web\/index.php\/wp-json\/wp\/v2\/types\/post"}],"author":[{"embeddable":true,"href":"https:\/\/diariorepublica.com.ar\/web\/index.php\/wp-json\/wp\/v2\/users\/1"}],"replies":[{"embeddable":true,"href":"https:\/\/diariorepublica.com.ar\/web\/index.php\/wp-json\/wp\/v2\/comments?post=12194"}],"version-history":[{"count":1,"href":"https:\/\/diariorepublica.com.ar\/web\/index.php\/wp-json\/wp\/v2\/posts\/12194\/revisions"}],"predecessor-version":[{"id":12196,"href":"https:\/\/diariorepublica.com.ar\/web\/index.php\/wp-json\/wp\/v2\/posts\/12194\/revisions\/12196"}],"wp:featuredmedia":[{"embeddable":true,"href":"https:\/\/diariorepublica.com.ar\/web\/index.php\/wp-json\/wp\/v2\/media\/12195"}],"wp:attachment":[{"href":"https:\/\/diariorepublica.com.ar\/web\/index.php\/wp-json\/wp\/v2\/media?parent=12194"}],"wp:term":[{"taxonomy":"category","embeddable":true,"href":"https:\/\/diariorepublica.com.ar\/web\/index.php\/wp-json\/wp\/v2\/categories?post=12194"},{"taxonomy":"post_tag","embeddable":true,"href":"https:\/\/diariorepublica.com.ar\/web\/index.php\/wp-json\/wp\/v2\/tags?post=12194"}],"curies":[{"name":"wp","href":"https:\/\/api.w.org\/{rel}","templated":true}]}}