{"id":12210,"date":"2024-02-23T07:18:00","date_gmt":"2024-02-23T10:18:00","guid":{"rendered":"https:\/\/diariorepublica.com.ar\/web\/?p=12210"},"modified":"2024-02-23T08:19:29","modified_gmt":"2024-02-23T11:19:29","slug":"nuevo-acuerdo-paritario-de-comercio-176-para-febrero","status":"publish","type":"post","link":"https:\/\/diariorepublica.com.ar\/web\/index.php\/economia\/2024\/02\/23\/nuevo-acuerdo-paritario-de-comercio-176-para-febrero\/","title":{"rendered":"Nuevo acuerdo paritario de Comercio: 17,6% para febrero"},"content":{"rendered":"<article id=\"article-post\" class=\"first\">\n<div class=\"cuerpo\" data-twitter-link=\"https:\/\/twitter.com\/intent\/tweet?url=https:\/\/www.diariopopular.com.ar\/c773965&amp;via=poopulardiario&amp;related=Popular&amp;text=\">\n<p>La<strong>\u00a0Federaci\u00f3n Argentina de Empleados de Comercio y Servicios (FAECYS)<\/strong>\u00a0y la\u00a0<strong>C\u00e1mara Argentina de Comercio (CAC),<\/strong>\u00a0la\u00a0<strong>Confederaci\u00f3n de la Mediana Empresa (CAME)\u00a0<\/strong>y\u00a0<strong>la Uni\u00f3n de Entidades Comerciales (Udeca),<\/strong>\u00a0firmaron este jueves un acuerdo paritario mensual con un i<strong>ncremento del 17,6% para febrero, lo que lleva al salario b\u00e1sico a $658.000\u00a0<\/strong>con presentismo.<\/p>\n<\/div>\n<\/article>\n<article id=\"article-post\">\n<div class=\"cuerpo\" data-twitter-link=\"https:\/\/twitter.com\/intent\/tweet?url=https:\/\/www.diariopopular.com.ar\/c773965&amp;via=poopulardiario&amp;related=Popular&amp;text=\">\n<p>Con el fin de preservar el poder adquisitivo de los trabajadores, los representantes de los empleados de Comercio y de las c\u00e1maras empresarias del sector acordaron volver a negociar un ajuste salarial en marzo pr\u00f3ximo.<\/p>\n<article id=\"article-post\">\n<div class=\"cuerpo\" data-twitter-link=\"https:\/\/twitter.com\/intent\/tweet?url=https:\/\/www.diariopopular.com.ar\/c773965&amp;via=poopulardiario&amp;related=Popular&amp;text=\">\n<p>Al respecto<strong>, Armando Cavalieri<\/strong>, secretario general de FAECYS, destac\u00f3: \u201cEn este contexto tan complejo, es imperativo asegurar acuerdos mensuales para ir garantizando una protecci\u00f3n del salario frente al flagelo de la inflaci\u00f3n y proteger los ingresos de los trabajadores. Seguiremos negociando mes a mes\u201d.<\/p>\n<p>El acuerdo salarial, que se firm\u00f3 hoy en la Secretar\u00eda de Trabajo del Ministerio de Capital Humano de la Naci\u00f3n, corresponde a la paritaria de Comercio que va de abril 2023 a marzo 2024.<\/p>\n<\/div>\n<\/article>\n<\/div>\n<\/article>\n","protected":false},"excerpt":{"rendered":"<p>La\u00a0Federaci\u00f3n Argentina de Empleados de Comercio y Servicios (FAECYS)\u00a0y la\u00a0C\u00e1mara Argentina de Comercio (CAC),\u00a0la\u00a0Confederaci\u00f3n de la Mediana Empresa (CAME)\u00a0y\u00a0la Uni\u00f3n<\/p>\n","protected":false},"author":1,"featured_media":12211,"comment_status":"closed","ping_status":"closed","sticky":false,"template":"","format":"standard","meta":{"footnotes":"","jetpack_publicize_message":"","jetpack_publicize_feature_enabled":true,"jetpack_social_post_already_shared":true,"jetpack_social_options":{"image_generator_settings":{"template":"highway","enabled":false},"version":2}},"categories":[5],"tags":[],"class_list":["post-12210","post","type-post","status-publish","format-standard","has-post-thumbnail","hentry","category-economia"],"jetpack_publicize_connections":[],"_links":{"self":[{"href":"https:\/\/diariorepublica.com.ar\/web\/index.php\/wp-json\/wp\/v2\/posts\/12210"}],"collection":[{"href":"https:\/\/diariorepublica.com.ar\/web\/index.php\/wp-json\/wp\/v2\/posts"}],"about":[{"href":"https:\/\/diariorepublica.com.ar\/web\/index.php\/wp-json\/wp\/v2\/types\/post"}],"author":[{"embeddable":true,"href":"https:\/\/diariorepublica.com.ar\/web\/index.php\/wp-json\/wp\/v2\/users\/1"}],"replies":[{"embeddable":true,"href":"https:\/\/diariorepublica.com.ar\/web\/index.php\/wp-json\/wp\/v2\/comments?post=12210"}],"version-history":[{"count":1,"href":"https:\/\/diariorepublica.com.ar\/web\/index.php\/wp-json\/wp\/v2\/posts\/12210\/revisions"}],"predecessor-version":[{"id":12212,"href":"https:\/\/diariorepublica.com.ar\/web\/index.php\/wp-json\/wp\/v2\/posts\/12210\/revisions\/12212"}],"wp:featuredmedia":[{"embeddable":true,"href":"https:\/\/diariorepublica.com.ar\/web\/index.php\/wp-json\/wp\/v2\/media\/12211"}],"wp:attachment":[{"href":"https:\/\/diariorepublica.com.ar\/web\/index.php\/wp-json\/wp\/v2\/media?parent=12210"}],"wp:term":[{"taxonomy":"category","embeddable":true,"href":"https:\/\/diariorepublica.com.ar\/web\/index.php\/wp-json\/wp\/v2\/categories?post=12210"},{"taxonomy":"post_tag","embeddable":true,"href":"https:\/\/diariorepublica.com.ar\/web\/index.php\/wp-json\/wp\/v2\/tags?post=12210"}],"curies":[{"name":"wp","href":"https:\/\/api.w.org\/{rel}","templated":true}]}}