{"id":12229,"date":"2024-02-23T12:06:51","date_gmt":"2024-02-23T15:06:51","guid":{"rendered":"https:\/\/diariorepublica.com.ar\/web\/?p=12229"},"modified":"2024-02-23T12:06:54","modified_gmt":"2024-02-23T15:06:54","slug":"ofertas-con-descuentos-con-el-programa-mas-cerca-mas-barato-escolar","status":"publish","type":"post","link":"https:\/\/diariorepublica.com.ar\/web\/index.php\/sociedad\/2024\/02\/23\/ofertas-con-descuentos-con-el-programa-mas-cerca-mas-barato-escolar\/","title":{"rendered":"Ofertas con descuentos con el programa M\u00e1s Cerca M\u00e1s Barato Escolar"},"content":{"rendered":"<p>Ante el inminente inicio de clases en todos los niveles educativos, el Ministerio de Industria, Comercio y Empleo junto a librer\u00edas locales lanzan el programa M\u00e1s Cerca M\u00e1s Barato Escolar, a trav\u00e9s del cual los comercios contar\u00e1n con ofertas de art\u00edculos con importantes descuentos.<br \/>\nLa iniciativa se funda en acercar ofertas paliativas en el marco de la coyuntura econ\u00f3mica actual para colaborar con la econom\u00eda hogare\u00f1a, y a la vez potenciar las ventas en los comercios locales.<br \/>\nSon 6 las librer\u00edas adheridas, con sus respectivas sucursales, totalizando 13 punto de ventas. Sus ofertas estar\u00e1n a disposici\u00f3n de los consumidores en el link https:\/\/drive.google.com\/file\/d\/1xJdY9PNDtwlJQOeYksJ2RMfMneBmD_Fu\/view?usp=sharing, a trav\u00e9s del cual se podr\u00e1n comparar y analizar marca, precios y calidades para la respectiva elecci\u00f3n de los insumos.<br \/>\nLas librer\u00edas adheridas son Del Norte, San Pablo, Softman\u00eda, El Oso Estudioso, Ancasti y El Emporio. En el siguiente link figuran las ubicaciones de los comercios: https:\/\/www.google.com\/maps\/d\/u\/2\/edit?mid=1X84Gw7j_dgfqEGKthl4NChTHAOJjxI4&amp;usp=sharing<br \/>\nEl ministerio de Industria, Comercio y Empleo, a cargo de Sebasti\u00e1n Caria, trabaja estrechamente con c\u00e1maras empresarias relacionadas al comercio en busca de generar herramientas que signifiquen ayuda para las econom\u00edas familiares.<\/p>\n","protected":false},"excerpt":{"rendered":"<p>Ante el inminente inicio de clases en todos los niveles educativos, el Ministerio de Industria, Comercio y Empleo junto a<\/p>\n","protected":false},"author":2,"featured_media":12230,"comment_status":"closed","ping_status":"closed","sticky":false,"template":"","format":"standard","meta":{"footnotes":"","jetpack_publicize_message":"","jetpack_publicize_feature_enabled":true,"jetpack_social_post_already_shared":true,"jetpack_social_options":{"image_generator_settings":{"template":"highway","enabled":false},"version":2}},"categories":[3],"tags":[],"class_list":["post-12229","post","type-post","status-publish","format-standard","has-post-thumbnail","hentry","category-sociedad"],"jetpack_publicize_connections":[],"_links":{"self":[{"href":"https:\/\/diariorepublica.com.ar\/web\/index.php\/wp-json\/wp\/v2\/posts\/12229"}],"collection":[{"href":"https:\/\/diariorepublica.com.ar\/web\/index.php\/wp-json\/wp\/v2\/posts"}],"about":[{"href":"https:\/\/diariorepublica.com.ar\/web\/index.php\/wp-json\/wp\/v2\/types\/post"}],"author":[{"embeddable":true,"href":"https:\/\/diariorepublica.com.ar\/web\/index.php\/wp-json\/wp\/v2\/users\/2"}],"replies":[{"embeddable":true,"href":"https:\/\/diariorepublica.com.ar\/web\/index.php\/wp-json\/wp\/v2\/comments?post=12229"}],"version-history":[{"count":1,"href":"https:\/\/diariorepublica.com.ar\/web\/index.php\/wp-json\/wp\/v2\/posts\/12229\/revisions"}],"predecessor-version":[{"id":12231,"href":"https:\/\/diariorepublica.com.ar\/web\/index.php\/wp-json\/wp\/v2\/posts\/12229\/revisions\/12231"}],"wp:featuredmedia":[{"embeddable":true,"href":"https:\/\/diariorepublica.com.ar\/web\/index.php\/wp-json\/wp\/v2\/media\/12230"}],"wp:attachment":[{"href":"https:\/\/diariorepublica.com.ar\/web\/index.php\/wp-json\/wp\/v2\/media?parent=12229"}],"wp:term":[{"taxonomy":"category","embeddable":true,"href":"https:\/\/diariorepublica.com.ar\/web\/index.php\/wp-json\/wp\/v2\/categories?post=12229"},{"taxonomy":"post_tag","embeddable":true,"href":"https:\/\/diariorepublica.com.ar\/web\/index.php\/wp-json\/wp\/v2\/tags?post=12229"}],"curies":[{"name":"wp","href":"https:\/\/api.w.org\/{rel}","templated":true}]}}