{"id":12233,"date":"2024-02-26T05:40:00","date_gmt":"2024-02-26T08:40:00","guid":{"rendered":"https:\/\/diariorepublica.com.ar\/web\/?p=12233"},"modified":"2024-02-26T07:52:51","modified_gmt":"2024-02-26T10:52:51","slug":"el-gobierno-aseguro-que-chubut-no-completo-el-tramite-para-emitir-un-nuevo-bono-y-repagar-su-deuda","status":"publish","type":"post","link":"https:\/\/diariorepublica.com.ar\/web\/index.php\/nacionales\/2024\/02\/26\/el-gobierno-aseguro-que-chubut-no-completo-el-tramite-para-emitir-un-nuevo-bono-y-repagar-su-deuda\/","title":{"rendered":"El Gobierno asegur\u00f3 que Chubut no complet\u00f3 el tr\u00e1mite para emitir un nuevo bono y repagar su deuda"},"content":{"rendered":"<p><strong>El ministro del Interior, Guillermo Francos, asegur\u00f3 que la provincia de Chubut no complet\u00f3 el tr\u00e1mite para emitir un nuevo bono y repagar su deuda<\/strong>, en el marco de la discusi\u00f3n entre Naci\u00f3n y la provincia por\u00a0el recorte de fondos de coparticipaci\u00f3n.<\/p>\n<p>El gobernador chubutense,\u00a0<strong>Ignacio \u201cNacho\u201d Torres<\/strong>, le reclam\u00f3 al presidente\u00a0<strong>Javier Milei\u00a0<\/strong>por un\u00a0<strong>recorte de $13.500 millones en la coparticipaci\u00f3n\u00a0<\/strong>que recibi\u00f3 su jurisdicci\u00f3n. Desde Naci\u00f3n explicaron que ocurri\u00f3 por una deuda provincial y que dichos fondos funcionaban como garant\u00eda.<\/p>\n<p>Por el lado de la provincia patag\u00f3nica, se\u00f1alaron que le hicieron la solicitud a Naci\u00f3n para refinanciar la deuda, aunque nunca le respondieron.<\/p>\n<p>Por este motivo, indicaron que\u00a0<strong>hicieron un pedido para emitir una nueva deuda con garant\u00eda de regal\u00edas y abonar con ese dinero la deuda vigente con Naci\u00f3n<\/strong>, algo de lo que tampoco habr\u00edan tenido una respuesta, seg\u00fan su versi\u00f3n.<\/p>\n<p>\u00abEl 22 de febrero el ministro de Econom\u00eda de Chubut me envi\u00f3 una nota solicitando una nueva operaci\u00f3n de endeudamiento consistente en la emisi\u00f3n de un bono destinado \u00edntegramente a la cancelaci\u00f3n del saldo de la deuda que mantiene la provincia con el FFDP\u201d, expuso Francos en su cuenta de la red social X.<\/p>\n<div id=\"1374900-Libre-1446696244_wrap\" class=\"embed_cont type_imagen\" contenteditable=\"false\">\n<div id=\"1374900-Libre-1446696244_content\" class=\"embed_content\"><img loading=\"lazy\" decoding=\"async\" id=\"1374900-Libre-1446696244_embed\" title=\"\" src=\"https:\/\/media.a24.com\/p\/974b88884dced9a19b14f02d055fa01b\/adjuntos\/296\/imagenes\/009\/299\/0009299225\/1200x675\/smart\/francospng.png\" alt=\"\" width=\"1200\" height=\"675\" data-td-src-property=\"https:\/\/media.a24.com\/p\/974b88884dced9a19b14f02d055fa01b\/adjuntos\/296\/imagenes\/009\/299\/0009299225\/1200x675\/smart\/francospng.png\" \/><\/div>\n<div id=\"1374900-Libre-1446696244_epigrafe\" class=\"embed_epigrafe\"><\/div>\n<div id=\"1374900-Libre-1446696244_copyright\" class=\"embed_copyright\"><\/div>\n<\/div>\n<p>\u00ab<strong>Contrariamente a lo que dijo el vicegobernador, le respondimos con un mail el d\u00eda 23 de febrero requiri\u00e9ndole la documentaci\u00f3n necesaria para avanzar con la operaci\u00f3n de emisi\u00f3n solicitada, conforme a la normativa vigente. Estamos aguardando la respuesta\u00bb<\/strong>, sum\u00f3.<\/p>\n<p>Y complet\u00f3: \u00abUna vez que respondan,\u00a0<strong>lo analizaremos y lo enviaremos al Ministerio de Econom\u00eda como corresponde\u00bb.<\/strong><\/p>\n","protected":false},"excerpt":{"rendered":"<p>El ministro del Interior, Guillermo Francos, asegur\u00f3 que la provincia de Chubut no complet\u00f3 el tr\u00e1mite para emitir un nuevo<\/p>\n","protected":false},"author":1,"featured_media":12234,"comment_status":"closed","ping_status":"closed","sticky":false,"template":"","format":"standard","meta":{"footnotes":"","jetpack_publicize_message":"","jetpack_publicize_feature_enabled":true,"jetpack_social_post_already_shared":true,"jetpack_social_options":{"image_generator_settings":{"template":"highway","enabled":false},"version":2}},"categories":[4],"tags":[],"class_list":["post-12233","post","type-post","status-publish","format-standard","has-post-thumbnail","hentry","category-nacionales"],"jetpack_publicize_connections":[],"_links":{"self":[{"href":"https:\/\/diariorepublica.com.ar\/web\/index.php\/wp-json\/wp\/v2\/posts\/12233"}],"collection":[{"href":"https:\/\/diariorepublica.com.ar\/web\/index.php\/wp-json\/wp\/v2\/posts"}],"about":[{"href":"https:\/\/diariorepublica.com.ar\/web\/index.php\/wp-json\/wp\/v2\/types\/post"}],"author":[{"embeddable":true,"href":"https:\/\/diariorepublica.com.ar\/web\/index.php\/wp-json\/wp\/v2\/users\/1"}],"replies":[{"embeddable":true,"href":"https:\/\/diariorepublica.com.ar\/web\/index.php\/wp-json\/wp\/v2\/comments?post=12233"}],"version-history":[{"count":1,"href":"https:\/\/diariorepublica.com.ar\/web\/index.php\/wp-json\/wp\/v2\/posts\/12233\/revisions"}],"predecessor-version":[{"id":12235,"href":"https:\/\/diariorepublica.com.ar\/web\/index.php\/wp-json\/wp\/v2\/posts\/12233\/revisions\/12235"}],"wp:featuredmedia":[{"embeddable":true,"href":"https:\/\/diariorepublica.com.ar\/web\/index.php\/wp-json\/wp\/v2\/media\/12234"}],"wp:attachment":[{"href":"https:\/\/diariorepublica.com.ar\/web\/index.php\/wp-json\/wp\/v2\/media?parent=12233"}],"wp:term":[{"taxonomy":"category","embeddable":true,"href":"https:\/\/diariorepublica.com.ar\/web\/index.php\/wp-json\/wp\/v2\/categories?post=12233"},{"taxonomy":"post_tag","embeddable":true,"href":"https:\/\/diariorepublica.com.ar\/web\/index.php\/wp-json\/wp\/v2\/tags?post=12233"}],"curies":[{"name":"wp","href":"https:\/\/api.w.org\/{rel}","templated":true}]}}