{"id":12279,"date":"2024-02-26T11:11:27","date_gmt":"2024-02-26T14:11:27","guid":{"rendered":"https:\/\/diariorepublica.com.ar\/web\/?p=12279"},"modified":"2024-02-26T11:11:30","modified_gmt":"2024-02-26T14:11:30","slug":"solicitan-al-ejecutivo-provincial-que-reclame-via-judicial-los-fondos-adeudados-por-nacion","status":"publish","type":"post","link":"https:\/\/diariorepublica.com.ar\/web\/index.php\/politica\/2024\/02\/26\/solicitan-al-ejecutivo-provincial-que-reclame-via-judicial-los-fondos-adeudados-por-nacion\/","title":{"rendered":"Solicitan al Ejecutivo Provincial que reclame v\u00eda judicial los fondos adeudados por Naci\u00f3n"},"content":{"rendered":"<p>En el marco del corte de transferencias de fondos federales a las provincias,\u00a0 la diputada Adriana D\u00edaz (Partido Intransigente- Bloque Frente de Todos), present\u00f3 dos proyectos de resoluci\u00f3n para que la C\u00e1mara de Diputados inste al Poder Ejecutivo a \u201cinterponer los recursos administrativos y judiciales que considere m\u00e1s pertinentes para reclamar los aportes que corresponden a Catamarca por el Fondo Nacional de Incentivo Docente (FONID), el Fondo de Financiamiento Educativo y el Fondo de Transporte, que este a\u00f1o nuestra Provincia dej\u00f3 de percibir por decisi\u00f3n arbitraria del Gobierno Nacional\u201d.<\/p>\n<p>\u201cTanto el Fondo de Incentivo Docente, el de Financiamiento educativo como el Fondo Compensador para el Transporte del interior est\u00e1n respaldados por leyes votadas por el Congreso, y responden a procesos de b\u00fasqueda de equidad\u201d, recalca D\u00edaz.<\/p>\n<p>Para la diputada, \u201cla decisi\u00f3n unilateral, no consensuada, ni siquiera consultada con las provincias\u201d por parte del gobierno de Milei de eliminar los aportes significa \u201cun grave ataque al patrimonio provincial\u201d.<\/p>\n<p>En ese sentido, la legisladora pide a la Provincia que \u201cformalice su demanda por v\u00eda administrativa primero, con lo que dejar\u00e1 sentado el reclamo, para luego recurrir a la Justicia\u201d.<\/p>\n","protected":false},"excerpt":{"rendered":"<p>En el marco del corte de transferencias de fondos federales a las provincias,\u00a0 la diputada Adriana D\u00edaz (Partido Intransigente- Bloque<\/p>\n","protected":false},"author":2,"featured_media":12280,"comment_status":"closed","ping_status":"closed","sticky":false,"template":"","format":"standard","meta":{"footnotes":"","jetpack_publicize_message":"","jetpack_publicize_feature_enabled":true,"jetpack_social_post_already_shared":true,"jetpack_social_options":{"image_generator_settings":{"template":"highway","enabled":false},"version":2}},"categories":[12],"tags":[],"class_list":["post-12279","post","type-post","status-publish","format-standard","has-post-thumbnail","hentry","category-politica"],"jetpack_publicize_connections":[],"_links":{"self":[{"href":"https:\/\/diariorepublica.com.ar\/web\/index.php\/wp-json\/wp\/v2\/posts\/12279"}],"collection":[{"href":"https:\/\/diariorepublica.com.ar\/web\/index.php\/wp-json\/wp\/v2\/posts"}],"about":[{"href":"https:\/\/diariorepublica.com.ar\/web\/index.php\/wp-json\/wp\/v2\/types\/post"}],"author":[{"embeddable":true,"href":"https:\/\/diariorepublica.com.ar\/web\/index.php\/wp-json\/wp\/v2\/users\/2"}],"replies":[{"embeddable":true,"href":"https:\/\/diariorepublica.com.ar\/web\/index.php\/wp-json\/wp\/v2\/comments?post=12279"}],"version-history":[{"count":1,"href":"https:\/\/diariorepublica.com.ar\/web\/index.php\/wp-json\/wp\/v2\/posts\/12279\/revisions"}],"predecessor-version":[{"id":12281,"href":"https:\/\/diariorepublica.com.ar\/web\/index.php\/wp-json\/wp\/v2\/posts\/12279\/revisions\/12281"}],"wp:featuredmedia":[{"embeddable":true,"href":"https:\/\/diariorepublica.com.ar\/web\/index.php\/wp-json\/wp\/v2\/media\/12280"}],"wp:attachment":[{"href":"https:\/\/diariorepublica.com.ar\/web\/index.php\/wp-json\/wp\/v2\/media?parent=12279"}],"wp:term":[{"taxonomy":"category","embeddable":true,"href":"https:\/\/diariorepublica.com.ar\/web\/index.php\/wp-json\/wp\/v2\/categories?post=12279"},{"taxonomy":"post_tag","embeddable":true,"href":"https:\/\/diariorepublica.com.ar\/web\/index.php\/wp-json\/wp\/v2\/tags?post=12279"}],"curies":[{"name":"wp","href":"https:\/\/api.w.org\/{rel}","templated":true}]}}