{"id":12290,"date":"2024-02-27T00:05:00","date_gmt":"2024-02-27T03:05:00","guid":{"rendered":"https:\/\/diariorepublica.com.ar\/web\/?p=12290"},"modified":"2024-02-27T08:06:30","modified_gmt":"2024-02-27T11:06:30","slug":"torres-contra-milei-quiero-dialogar-y-acordar-pero-no-me-voy-a-dejar-apretar","status":"publish","type":"post","link":"https:\/\/diariorepublica.com.ar\/web\/index.php\/nacionales\/2024\/02\/27\/torres-contra-milei-quiero-dialogar-y-acordar-pero-no-me-voy-a-dejar-apretar\/","title":{"rendered":"Torres contra Milei: \u00abQuiero dialogar y acordar, pero no me voy a dejar apretar\u00bb"},"content":{"rendered":"<p>El gobernador de Chubut, Ignacio Torres, volvi\u00f3 a referirse este lunes al enfrentamiento que mantiene con el presidente Javier Milei por la quita de fondos de la coparticipaci\u00f3n.<\/p>\n<p>Durante un mensaje en la Legislatura provincial, Torres se dirigi\u00f3 al jefe de Estado: \u00abYo quiero dialogar y acordar, pero no me voy a dejar apretar nunca cuando nos quieran poner el pie encima. Menos cuando quieran mentir, difamar. Los que quieran hacer uso de esto para sacar alg\u00fan r\u00e9dito pol\u00edtico, cr\u00e9anme que la historia los va a juzgar. No es momento de especular\u00bb.<\/p>\n<p>En ese sentido, calific\u00f3 a la medida del Gobierno nacional como una maniobra pol\u00edtica: \u00ab\u00bfPara qu\u00e9 subir al ring enemigos imaginarios todo el tiempo? \u00bfPor qu\u00e9 el agravio? Me lo explicaron de adentro del propio Gobierno. El objetivo no era fiscal, porque el costo es cero. Nos enteramos que, cuando ellos descubren que tienen esta herramienta para hacer un juego de pinzas a trav\u00e9s del Central y Econom\u00eda, nos terminan confesando que es algo pol\u00edtico. Disciplinar a todas las provincias\u00bb.<\/p>\n<p>Y agreg\u00f3: \u00abNo es partidario. No quisieron matar a una provincia del PRO, lo que quisieron es matar una provincia chica. Un comentario fue \u2018Chubut es un barrio porte\u00f1o, son 500 mil habitantes\u2019. Que nos puteen. Es cierto, somos una provincia chica, pero le agradezco al gobierno porque nos junt\u00f3 a todos, y nos sabemos defender y nos vamos a defender hasta las \u00faltimas consecuencias\u00bb.<\/p>\n<p>Por otra parte, apunt\u00f3 contra Milei por el uso de redes sociales: \u00abNo nos dejemos faltar el respeto. Cu\u00e1nto odio puede haber en una persona que tuitea con sorna burl\u00e1ndose de un chico con s\u00edndrome de down. Qu\u00e9 le tiene que haber pasado. Qu\u00e9 ejemplo le da el Presidente de la Naci\u00f3n a las nuevas generaciones. La burla, el insulto. Nosotros nos formamos sabiendo que hay que respetar al otro. Nunca me van a escuchar insultar al presidente porque yo respeto, no la investidura, las personas\u00bb.<\/p>\n<p>\u00abEsta Argentina no va a salir adelante nunca si creemos que fomentando el odio y el desprecio corremos la agenda de los problemas estructurales, la inflaci\u00f3n y pobreza. Jubilados que est\u00e1n viendo la licuaci\u00f3n de los haberes. Ah\u00ed hay que poner el foco. Es como que el FMI le diga \u2018sabes qu\u00e9, no los dejamos canjear deuda, pagame de una, porque dijiste que no les gustaba el actual presidente\u2019. Es lo que no est\u00e1 diciendo a nosotros el gobierno nacional\u00bb, concluy\u00f3.<\/p>\n<p>Fuente: NA.<\/p>\n","protected":false},"excerpt":{"rendered":"<p>El gobernador de Chubut, Ignacio Torres, volvi\u00f3 a referirse este lunes al enfrentamiento que mantiene con el presidente Javier Milei<\/p>\n","protected":false},"author":1,"featured_media":12291,"comment_status":"closed","ping_status":"closed","sticky":false,"template":"","format":"standard","meta":{"footnotes":"","jetpack_publicize_message":"","jetpack_publicize_feature_enabled":true,"jetpack_social_post_already_shared":true,"jetpack_social_options":{"image_generator_settings":{"template":"highway","enabled":false},"version":2}},"categories":[4],"tags":[],"class_list":["post-12290","post","type-post","status-publish","format-standard","has-post-thumbnail","hentry","category-nacionales"],"jetpack_publicize_connections":[],"_links":{"self":[{"href":"https:\/\/diariorepublica.com.ar\/web\/index.php\/wp-json\/wp\/v2\/posts\/12290"}],"collection":[{"href":"https:\/\/diariorepublica.com.ar\/web\/index.php\/wp-json\/wp\/v2\/posts"}],"about":[{"href":"https:\/\/diariorepublica.com.ar\/web\/index.php\/wp-json\/wp\/v2\/types\/post"}],"author":[{"embeddable":true,"href":"https:\/\/diariorepublica.com.ar\/web\/index.php\/wp-json\/wp\/v2\/users\/1"}],"replies":[{"embeddable":true,"href":"https:\/\/diariorepublica.com.ar\/web\/index.php\/wp-json\/wp\/v2\/comments?post=12290"}],"version-history":[{"count":1,"href":"https:\/\/diariorepublica.com.ar\/web\/index.php\/wp-json\/wp\/v2\/posts\/12290\/revisions"}],"predecessor-version":[{"id":12292,"href":"https:\/\/diariorepublica.com.ar\/web\/index.php\/wp-json\/wp\/v2\/posts\/12290\/revisions\/12292"}],"wp:featuredmedia":[{"embeddable":true,"href":"https:\/\/diariorepublica.com.ar\/web\/index.php\/wp-json\/wp\/v2\/media\/12291"}],"wp:attachment":[{"href":"https:\/\/diariorepublica.com.ar\/web\/index.php\/wp-json\/wp\/v2\/media?parent=12290"}],"wp:term":[{"taxonomy":"category","embeddable":true,"href":"https:\/\/diariorepublica.com.ar\/web\/index.php\/wp-json\/wp\/v2\/categories?post=12290"},{"taxonomy":"post_tag","embeddable":true,"href":"https:\/\/diariorepublica.com.ar\/web\/index.php\/wp-json\/wp\/v2\/tags?post=12290"}],"curies":[{"name":"wp","href":"https:\/\/api.w.org\/{rel}","templated":true}]}}