{"id":12297,"date":"2024-02-27T09:08:45","date_gmt":"2024-02-27T12:08:45","guid":{"rendered":"https:\/\/diariorepublica.com.ar\/web\/?p=12297"},"modified":"2024-02-27T09:08:47","modified_gmt":"2024-02-27T12:08:47","slug":"el-ajuste-debe-ser-soportado-por-todos-los-poderes-por-igual","status":"publish","type":"post","link":"https:\/\/diariorepublica.com.ar\/web\/index.php\/politica\/2024\/02\/27\/el-ajuste-debe-ser-soportado-por-todos-los-poderes-por-igual\/","title":{"rendered":"\u201cEl ajuste debe ser soportado por todos los poderes por igual\u201d"},"content":{"rendered":"<p>El ministro de la Corte de Justicia de Catamarca, Jos\u00e9 Ricardo C\u00e1ceres, le pidi\u00f3 al gobernador Ra\u00fal Jalil que el ajuste sea \u201csoportado en igual proporci\u00f3n por todos los poderes del Estado y no solamente por el Poder Judicial\u201d.<\/p>\n<p>\u201cLa intangibilidad es una base irrenunciable de la judicatura que podr\u00eda ser atemperada en caso de grave crisis en la que juega la solidaridad de los jueces, pero no en un escenario en el que el Gobernador lleva adelante, objetivamente, un gasto publico desmesurado\u201d, indic\u00f3 C\u00e1ceres en la acordada de la Corte en la que se resolvi\u00f3 otorgar un incremento del 15% para el Poder Judicial, y en la que el magistrado vot\u00f3 disidencia.<\/p>\n<p>C\u00e1ceres indic\u00f3 que \u201cde los tres poderes, el Judicial es el Departamento que m\u00e1s comprometido se encuentra para hacer frente a la crisis econ\u00f3mica existente\u201d. Para el ministro de la Corte, \u201cel Poder Ejecutivo ha promovido una importante quita en el presupuesto elevado y el Poder Legislativo aprob\u00f3 el presupuesto general con una reducci\u00f3n que compromete gravemente la independencia de la justicia, pudiendo considerarse un avasallamiento que pretende condicionar la actuaci\u00f3n del Poder Judicial al poder del dinero\u201d.<\/p>\n","protected":false},"excerpt":{"rendered":"<p>El ministro de la Corte de Justicia de Catamarca, Jos\u00e9 Ricardo C\u00e1ceres, le pidi\u00f3 al gobernador Ra\u00fal Jalil que el<\/p>\n","protected":false},"author":2,"featured_media":12298,"comment_status":"closed","ping_status":"closed","sticky":false,"template":"","format":"standard","meta":{"footnotes":"","jetpack_publicize_message":"","jetpack_publicize_feature_enabled":true,"jetpack_social_post_already_shared":true,"jetpack_social_options":{"image_generator_settings":{"template":"highway","enabled":false},"version":2}},"categories":[12],"tags":[],"class_list":["post-12297","post","type-post","status-publish","format-standard","has-post-thumbnail","hentry","category-politica"],"jetpack_publicize_connections":[],"_links":{"self":[{"href":"https:\/\/diariorepublica.com.ar\/web\/index.php\/wp-json\/wp\/v2\/posts\/12297"}],"collection":[{"href":"https:\/\/diariorepublica.com.ar\/web\/index.php\/wp-json\/wp\/v2\/posts"}],"about":[{"href":"https:\/\/diariorepublica.com.ar\/web\/index.php\/wp-json\/wp\/v2\/types\/post"}],"author":[{"embeddable":true,"href":"https:\/\/diariorepublica.com.ar\/web\/index.php\/wp-json\/wp\/v2\/users\/2"}],"replies":[{"embeddable":true,"href":"https:\/\/diariorepublica.com.ar\/web\/index.php\/wp-json\/wp\/v2\/comments?post=12297"}],"version-history":[{"count":1,"href":"https:\/\/diariorepublica.com.ar\/web\/index.php\/wp-json\/wp\/v2\/posts\/12297\/revisions"}],"predecessor-version":[{"id":12299,"href":"https:\/\/diariorepublica.com.ar\/web\/index.php\/wp-json\/wp\/v2\/posts\/12297\/revisions\/12299"}],"wp:featuredmedia":[{"embeddable":true,"href":"https:\/\/diariorepublica.com.ar\/web\/index.php\/wp-json\/wp\/v2\/media\/12298"}],"wp:attachment":[{"href":"https:\/\/diariorepublica.com.ar\/web\/index.php\/wp-json\/wp\/v2\/media?parent=12297"}],"wp:term":[{"taxonomy":"category","embeddable":true,"href":"https:\/\/diariorepublica.com.ar\/web\/index.php\/wp-json\/wp\/v2\/categories?post=12297"},{"taxonomy":"post_tag","embeddable":true,"href":"https:\/\/diariorepublica.com.ar\/web\/index.php\/wp-json\/wp\/v2\/tags?post=12297"}],"curies":[{"name":"wp","href":"https:\/\/api.w.org\/{rel}","templated":true}]}}