{"id":1232,"date":"2023-04-11T08:38:46","date_gmt":"2023-04-11T11:38:46","guid":{"rendered":"https:\/\/diariorepublica.com.ar\/web\/?p=1232"},"modified":"2023-04-11T08:38:49","modified_gmt":"2023-04-11T11:38:49","slug":"elecciones-internas-de-la-ucr-fama-reclama-por-su-lugar-en-el-comite-nacional","status":"publish","type":"post","link":"https:\/\/diariorepublica.com.ar\/web\/index.php\/politica\/2023\/04\/11\/elecciones-internas-de-la-ucr-fama-reclama-por-su-lugar-en-el-comite-nacional\/","title":{"rendered":"Elecciones internas de la UCR: Fama reclama por su lugar en el Comit\u00e9 Nacional"},"content":{"rendered":"<p>Los coletazos de la interna radical contin\u00faan, en este caso por una presentaci\u00f3n que hizo el abogado Ezequiel Stern en el que pide que se revise el acta de proclamaci\u00f3n de autoridades que fue firmada por la Junta Electoral el pasado 5 de abril por un supuesto error en la distribuci\u00f3n de los cargos.<\/p>\n<p>El sector \u2018Renovaci\u00f3n y Cambio Radical\u2019, que llev\u00f3 como candidata a la diputada Natalia Herrera, present\u00f3 una apelaci\u00f3n para que el senador nacional Flavio Fama (Ra\u00fal Alfons\u00edn) ocupe el lugar por la minor\u00eda entre los delegados al Comit\u00e9 Nacional: all\u00ed se proclam\u00f3 a Ver\u00f3nica Tolosa, una dirigente del FAPRA, el sector que responde al diputado nacional Francisco Monti.<\/p>\n<p>Seg\u00fan la Carta Org\u00e1nica de la UCR en su art\u00edculo n\u00ba17, para el caso de los delegados al Comit\u00e9 Nacional, Convenci\u00f3n Nacional, Convenci\u00f3n Provincial, entre otro, establece que las minor\u00edas deben estar representadas por un tercio de los cargos siempre que superen el 25% de los votos de la interna, hecho que se dio en la \u00faltima elecci\u00f3n.<\/p>\n<p>En este caso, la Junta decidi\u00f3 que de los cuatro delegados titulares al Comit\u00e9 Nacional, tres deben ser de la lista ganadora, \u2018Ahora el Radicalismo\u2019, y uno para \u2018Renovaci\u00f3n y Cambio Radical\u2019. Con ese criterio, la Junta dispuso que los tres primeros delegados fueran G\u00f3mez, Chayle y P\u00e1ez, y el espacio del cuarto delegado titular le correspond\u00eda a la lista que en esa categor\u00eda encabezaba Fama, pero se proclam\u00f3 a Ver\u00f3nica Tolosa para respetar la paridad de g\u00e9nero.<\/p>\n<p>En la apelaci\u00f3n presentada por Stern, la lista plantea que les corresponde el tercer delegado titular y no el cuarto, por lo que en ese caso deber\u00eda ser elegido un hombre y all\u00ed s\u00ed podr\u00eda ser proclamado Fama. Esto deber\u00e1 ser analizado por el Juzgado Federal con competencia electoral.<\/p>\n","protected":false},"excerpt":{"rendered":"<p>Los coletazos de la interna radical contin\u00faan, en este caso por una presentaci\u00f3n que hizo el abogado Ezequiel Stern en<\/p>\n","protected":false},"author":2,"featured_media":1233,"comment_status":"closed","ping_status":"closed","sticky":false,"template":"","format":"standard","meta":{"footnotes":"","jetpack_publicize_message":"","jetpack_publicize_feature_enabled":true,"jetpack_social_post_already_shared":false,"jetpack_social_options":{"image_generator_settings":{"template":"highway","enabled":false},"version":2}},"categories":[12],"tags":[],"class_list":["post-1232","post","type-post","status-publish","format-standard","has-post-thumbnail","hentry","category-politica"],"jetpack_publicize_connections":[],"_links":{"self":[{"href":"https:\/\/diariorepublica.com.ar\/web\/index.php\/wp-json\/wp\/v2\/posts\/1232"}],"collection":[{"href":"https:\/\/diariorepublica.com.ar\/web\/index.php\/wp-json\/wp\/v2\/posts"}],"about":[{"href":"https:\/\/diariorepublica.com.ar\/web\/index.php\/wp-json\/wp\/v2\/types\/post"}],"author":[{"embeddable":true,"href":"https:\/\/diariorepublica.com.ar\/web\/index.php\/wp-json\/wp\/v2\/users\/2"}],"replies":[{"embeddable":true,"href":"https:\/\/diariorepublica.com.ar\/web\/index.php\/wp-json\/wp\/v2\/comments?post=1232"}],"version-history":[{"count":1,"href":"https:\/\/diariorepublica.com.ar\/web\/index.php\/wp-json\/wp\/v2\/posts\/1232\/revisions"}],"predecessor-version":[{"id":1234,"href":"https:\/\/diariorepublica.com.ar\/web\/index.php\/wp-json\/wp\/v2\/posts\/1232\/revisions\/1234"}],"wp:featuredmedia":[{"embeddable":true,"href":"https:\/\/diariorepublica.com.ar\/web\/index.php\/wp-json\/wp\/v2\/media\/1233"}],"wp:attachment":[{"href":"https:\/\/diariorepublica.com.ar\/web\/index.php\/wp-json\/wp\/v2\/media?parent=1232"}],"wp:term":[{"taxonomy":"category","embeddable":true,"href":"https:\/\/diariorepublica.com.ar\/web\/index.php\/wp-json\/wp\/v2\/categories?post=1232"},{"taxonomy":"post_tag","embeddable":true,"href":"https:\/\/diariorepublica.com.ar\/web\/index.php\/wp-json\/wp\/v2\/tags?post=1232"}],"curies":[{"name":"wp","href":"https:\/\/api.w.org\/{rel}","templated":true}]}}