{"id":12335,"date":"2024-02-28T00:49:00","date_gmt":"2024-02-28T03:49:00","guid":{"rendered":"https:\/\/diariorepublica.com.ar\/web\/?p=12335"},"modified":"2024-02-28T07:50:52","modified_gmt":"2024-02-28T10:50:52","slug":"la-reunion-por-el-salario-minimo-docente-paso-a-un-cuarto-intermedio-y-podria-haber-otro-paro","status":"publish","type":"post","link":"https:\/\/diariorepublica.com.ar\/web\/index.php\/nacionales\/2024\/02\/28\/la-reunion-por-el-salario-minimo-docente-paso-a-un-cuarto-intermedio-y-podria-haber-otro-paro\/","title":{"rendered":"La reuni\u00f3n por el salario m\u00ednimo docente pas\u00f3 a un cuarto intermedio y podr\u00eda haber otro paro"},"content":{"rendered":"<p>La reuni\u00f3n entre las \u00e1reas de Trabajo y de Educaci\u00f3n, pertenecientes al Ministerio de Capital Humano, con los representantes de los cinco gremios docentes a nivel nacional y los ministros de Educaci\u00f3n de las provincias y de la ciudad de Buenos Aires pas\u00f3 a \u00abun cuarto intermedio\u00bb hasta el pr\u00f3ximo martes, y tras no recibir una oferta salarial, las agrupaciones sindicales convocaron ma\u00f1ana a una conferencia de prensa y reclamaron por las \u00abactitudes absolutamente dilatorias\u00bb del Gobierno.<\/p>\n<p>Seg\u00fan fuentes presentes en el encuentro, las autoridades del Gobierno confirmaron durante la mesa de trabajo la continuidad del Fondo Compensador pero ratificaron el fin del Fondo Nacional de Incentivo Docente (Fonid), para reorientar esas partidas hacia \u00abpol\u00edticas vinculadas con aprendizajes efectivos, como el Plan Nacional de Alfabetizaci\u00f3n, y al sistema de informaci\u00f3n escolar\u00bb.<\/p>\n<p>\u00abPara establecer el piso salarial, se pidi\u00f3 que las provincias hagan llegar su oferta para discutirla en la mesa. Se llam\u00f3 a un cuarto intermedio hasta el martes por la ma\u00f1ana\u00bb, se indic\u00f3.<\/p>\n<p>En tanto, la Uni\u00f3n Docentes Argentinos (UDA), la Asociaci\u00f3n del Magisterio de Ense\u00f1anza T\u00e9cnica (AMET), el Sindicato Argentino de Docentes Privados (Sadop) y la Confederaci\u00f3n de Educadores Argentinos (CEA) -nucleados en la Confederaci\u00f3n General del Trabajo (CGT)- convocaron a una conferencia de prensa para este mi\u00e9rcoles a las 17 en el sal\u00f3n Sa\u00fal Ubaldini de la central obrera, ubicada en la calle Azopardo 802 de esta capital.<\/p>\n<p>\u00abLuego de asistir este martes 27 de febrero a la reuni\u00f3n paritaria docente informamos que ha sido golpeada seriamente nuestra buena fe y predisposici\u00f3n a la negociaci\u00f3n salarial por parte de un Gobierno insensato que aspira insensiblemente a burlar su responsabilidad (Ley N.\u00bb 26075 y Ley N.\u00ba 26206) de garantizar el Financiamiento del Sistema Educativo Nacional\u00bb, reclamaron en un comunicado.<\/p>\n<p>Adem\u00e1s, reprocharon que en la reuni\u00f3n no recibieron \u00abninguna oferta nacional\u00bb y manifestaron que \u00abel Gobierno nacional ha ocupado este tiempo para tomar actitudes absolutamente dilatorias y profundamente desatentas\u00bb con los docentes.<\/p>\n<p>En tanto, la Confederaci\u00f3n de Trabajadores de la Educaci\u00f3n (Ctera), que tambi\u00e9n particip\u00f3 de la reuni\u00f3n, realizar\u00e1 un plenario de secretarias y secretarios generales de la organizaci\u00f3n para \u00abevaluar la situaci\u00f3n y darle continuidad al plan de lucha dispuesto\u00bb por el gremio.<\/p>\n<p>En un comunicado, Ctera detall\u00f3 que en la reuni\u00f3n con el Gobierno nacional \u00abreclam\u00f3 por el env\u00edo de los fondos del Fonid, el Fondo Compensador de Desigualdades Salariales, para los programas educativos, y la urgencia de discutir un piso salarial a nivel nacional\u00bb.<\/p>\n<p>Tras el cuarto intermedio dispuesto hasta el pr\u00f3ximo martes 5 de marzo, la entidad gremial que pertenece a la CTA exigi\u00f3 que \u00abse formalice la convocatoria en el marco de lo dispuesto por el Art\u00edculo 10 de la Ley de Financiamiento Educativo y su Decreto Reglamentario 457\u00bb.<\/p>\n<p>Los gremios docentes vienen de realizar un paro el lunes, que coincidi\u00f3 con el inicio de clases en ocho distritos, en reclamo de la paritaria nacional y justamente en rechazo de la anunciada eliminaci\u00f3n del Fonid.<\/p>\n<p>La convocatoria a los gremios y las autoridades educativas de las provincias fue realizada por la Secretar\u00eda de Trabajo del Ministerio de Capital Humano de la Naci\u00f3n en su sede, ubicada en la avenida Leandro N. Alem 650, donde el secretario de Trabajo, Omar Yasin, junto a su par de Educaci\u00f3n, Carlos Torrendell, recibieron a los representantes de los cinco gremios docentes nacionales en un encuentro que inici\u00f3 a las 18 y finaliz\u00f3 alrededor de las 20.20.<\/p>\n<p>Antes de ingresar a la reuni\u00f3n la secretaria general de Ctera, Sonia Alesso, remarc\u00f3 en declaraciones a la prensa la voluntad de los gremios de \u00abdialogar\u00bb con las autoridades del Gobierno y anticip\u00f3 que \u00ablas soluciones\u00bb al conflicto docente \u00abtienen que ver con que se env\u00eden los Fondos del Fonid, del Fondo Compensador, y de todos los fondos educativos que rigen por ley\u00bb.<\/p>\n<p>El secretario general de UDA, Sergio Romero, anticip\u00f3 en su llegada a la sede de Trabajo que \u00absi no recibimos una mejora del salario m\u00ednimo&#8230; si hoy no se garantiza el financiamiento de la educaci\u00f3n, ma\u00f1ana en el sal\u00f3n Sa\u00fal Ubaldini de la CGT vamos a anunciar un paro nacional de los gremios docentes\u00bb integrantes de la central obrera.<\/p>\n<p>Seg\u00fan datos de los gremios docentes, el piso nacional docente es de $250.000 mientras el promedio nacional del salario ronda los $350.000.<\/p>\n<p>La medida de fuerza gremial que se desarroll\u00f3 ayer tuvo adhesi\u00f3n en la ciudad de Buenos Aires (CABA), C\u00f3rdoba, Corrientes, Entre R\u00edos, Formosa, San Luis y Santa Fe, en tanto que en Mendoza las clases comenzaron con normalidad en todos los niveles de la provincia.<\/p>\n<p>Por fuera de esos ocho distritos, este martes inici\u00f3 el ciclo lectivo 2024 en La Rioja, mientras que en Santa Cruz arrancar\u00e1 el jueves y el viernes, 1 de marzo, ser\u00e1 el turno de la provincia de Buenos Aires, La Pampa, Tierra del Fuego y Tucum\u00e1n.<\/p>\n<p>El calendario se completar\u00e1 con el inicio de clases el pr\u00f3ximo lunes, 4 de marzo, en Chaco, Chubut, Misiones, San Juan, Santiago del Estero, Catamarca y Neuqu\u00e9n, a las que se sumaron Jujuy y Salta, que en realidad iban a empezar las clases ayer pero aplazaron la fecha de inicio.<\/p>\n<p>Por su parte, R\u00edo Negro comenzar\u00e1 su ciclo lectivo el 11 de marzo, tras un per\u00edodo de intensificaci\u00f3n desarrollado del 14 al 26 de febrero, se inform\u00f3 oficialmente.<\/p>\n","protected":false},"excerpt":{"rendered":"<p>La reuni\u00f3n entre las \u00e1reas de Trabajo y de Educaci\u00f3n, pertenecientes al Ministerio de Capital Humano, con los representantes de<\/p>\n","protected":false},"author":1,"featured_media":12336,"comment_status":"closed","ping_status":"closed","sticky":false,"template":"","format":"standard","meta":{"footnotes":"","jetpack_publicize_message":"","jetpack_publicize_feature_enabled":true,"jetpack_social_post_already_shared":true,"jetpack_social_options":{"image_generator_settings":{"template":"highway","enabled":false},"version":2}},"categories":[4],"tags":[],"class_list":["post-12335","post","type-post","status-publish","format-standard","has-post-thumbnail","hentry","category-nacionales"],"jetpack_publicize_connections":[],"_links":{"self":[{"href":"https:\/\/diariorepublica.com.ar\/web\/index.php\/wp-json\/wp\/v2\/posts\/12335"}],"collection":[{"href":"https:\/\/diariorepublica.com.ar\/web\/index.php\/wp-json\/wp\/v2\/posts"}],"about":[{"href":"https:\/\/diariorepublica.com.ar\/web\/index.php\/wp-json\/wp\/v2\/types\/post"}],"author":[{"embeddable":true,"href":"https:\/\/diariorepublica.com.ar\/web\/index.php\/wp-json\/wp\/v2\/users\/1"}],"replies":[{"embeddable":true,"href":"https:\/\/diariorepublica.com.ar\/web\/index.php\/wp-json\/wp\/v2\/comments?post=12335"}],"version-history":[{"count":1,"href":"https:\/\/diariorepublica.com.ar\/web\/index.php\/wp-json\/wp\/v2\/posts\/12335\/revisions"}],"predecessor-version":[{"id":12337,"href":"https:\/\/diariorepublica.com.ar\/web\/index.php\/wp-json\/wp\/v2\/posts\/12335\/revisions\/12337"}],"wp:featuredmedia":[{"embeddable":true,"href":"https:\/\/diariorepublica.com.ar\/web\/index.php\/wp-json\/wp\/v2\/media\/12336"}],"wp:attachment":[{"href":"https:\/\/diariorepublica.com.ar\/web\/index.php\/wp-json\/wp\/v2\/media?parent=12335"}],"wp:term":[{"taxonomy":"category","embeddable":true,"href":"https:\/\/diariorepublica.com.ar\/web\/index.php\/wp-json\/wp\/v2\/categories?post=12335"},{"taxonomy":"post_tag","embeddable":true,"href":"https:\/\/diariorepublica.com.ar\/web\/index.php\/wp-json\/wp\/v2\/tags?post=12335"}],"curies":[{"name":"wp","href":"https:\/\/api.w.org\/{rel}","templated":true}]}}