{"id":12341,"date":"2024-02-28T01:52:00","date_gmt":"2024-02-28T04:52:00","guid":{"rendered":"https:\/\/diariorepublica.com.ar\/web\/?p=12341"},"modified":"2024-02-28T07:55:30","modified_gmt":"2024-02-28T10:55:30","slug":"el-gobierno-nacional-presentara-un-per-saltum-a-la-corte-por-el-fallo-a-favor-de-chubut","status":"publish","type":"post","link":"https:\/\/diariorepublica.com.ar\/web\/index.php\/nacionales\/2024\/02\/28\/el-gobierno-nacional-presentara-un-per-saltum-a-la-corte-por-el-fallo-a-favor-de-chubut\/","title":{"rendered":"El Gobierno Nacional presentar\u00e1 un per saltum a la Corte por el fallo a favor de Chubut"},"content":{"rendered":"<article id=\"article-post\" class=\"first\">\n<div class=\"cuerpo\" data-twitter-link=\"https:\/\/twitter.com\/intent\/tweet?url=https:\/\/www.diariopopular.com.ar\/c774728&amp;via=poopulardiario&amp;related=Popular&amp;text=\">\n<p>El presidente<strong>\u00a0Javier Milei orden\u00f3 este martes a su equipo legal a pedir un\u00a0<em>per saltum<\/em>\u00a0a la Corte Suprema de Justicia a fin de revertir el reciente fallo desfavorable\u00a0<\/strong>en torno a la disputa por fondos coparticipables de Chubut.<\/p>\n<\/div>\n<\/article>\n<article id=\"article-post\">\n<div class=\"cuerpo\" data-twitter-link=\"https:\/\/twitter.com\/intent\/tweet?url=https:\/\/www.diariopopular.com.ar\/c774728&amp;via=poopulardiario&amp;related=Popular&amp;text=\">\n<p>En ese marco, la Secretar\u00eda Legal y T\u00e9cnica, adem\u00e1s del\u00a0<em>per saltum<\/em>, explorar\u00e1 la chance de plantear<strong>\u00a0la \u00abincompetencia plena\u00bb y recusaci\u00f3n del juez<\/strong>\u00a0<strong>Hugo Ricardo Sastre<\/strong>, que favoreci\u00f3 a la provincia de Chubut, seg\u00fan trascendi\u00f3 este martes en Casa Rosada.<\/p>\n<p>De este modo el Gobierno busca responder de inmediato al fallo que dio lugar al planteo del gobernador chubutense, Ignacio Torres, para que la Naci\u00f3n le devuelva los 13.500 millones de pesos que le quit\u00f3 de coparticipaci\u00f3n debido a una deuda.<\/p>\n<p>El fallo, una\u00a0<strong>\u00abmedida autosatisfactiva\u00bb<\/strong>, dispuso \u00abel\u00a0<strong>cese de la retenci\u00f3n<\/strong>\u00a0que -en concepto de reembolsos por pr\u00e9stamos acordados en el marco del Fondo Fiduciario para el Desarrollo Provincial- la demandada viene realizando sobre las sumas que ha de percibir aquella en concepto de\u00a0<strong>Coparticipaci\u00f3n Federal de Impuestos<\/strong>\u00ab.<\/p>\n<p>\u00abEllo, hasta tanto se concrete la\u00a0<strong>refinanciaci\u00f3n de la deuda<\/strong>\u00a0y por el periodo m\u00e1ximo comprendido por el ejercicio financiero en curso\u00bb, a\u00f1ade la resoluci\u00f3n.<\/p>\n<p class=\"paragraph\" data-mrf-recirculation=\"Links inline\"><strong>\u201cNos encontramos ante una injusta e intransigente posici\u00f3n por parte de la demandada,<\/strong>\u00a0sumado a una inexistente pol\u00edtica de absorci\u00f3n de consecuencias por parte del Estado Nacional respecto de la Provincia del Chubut llevada a cabo por el descuento autom\u00e1tico de fondo coparticipables\u201d, se\u00f1al\u00f3 el juez Sastre sobre el gobierno de Milei.<\/p>\n<p class=\"paragraph\" data-mrf-recirculation=\"Links inline\">Adem\u00e1s, el magistrado exhort\u00f3 a los gobiernos de Chubut y de la Naci\u00f3n a que<strong>\u00a0arbitren los medios necesarios para cancelar o refinanciar la deuda que el Estado provincial mantiene con la Casa Rosada<\/strong>, siempre y cuando no importen el compromiso de servicios esenciales para los chubutenses.<\/p>\n<p class=\"paragraph\" data-mrf-recirculation=\"Links inline\">Sin embargo, el magistrado no acept\u00f3 el pedido del gobernador de Chubut, Ignacio Torres, de que el Estado nacional le devuelva los\u00a0<strong>m\u00e1s de 13 mil millones de pesos<\/strong>\u00a0retenidos la semana pasada.<\/p>\n<h6>\u00bfQu\u00e9 es el\u00a0<em>per saltum<\/em>?<\/h6>\n<p>Es un instrumento procesal excepcional que permite llegar a la Corte Suprema\u00a0<strong>saltando las instancias intermedias<\/strong>. Ante una sentencia de primera instancia, la parte perjudicada puede recurrir directamente ante el M\u00e1ximo Tribunal.<\/p>\n<p>El recurso obtuvo regulaci\u00f3n legal a fines de 2012, mediante la ley 26.790, al incorporarse al C\u00f3digo Procesal Civil y Comercial, que en el art\u00edculo 257 bis dispone: \u00abProceder\u00e1 el<strong>\u00a0recurso extraordinario ante la Corte Suprema prescindiendo del recaudo del tribunal superior<\/strong>,\u00a0<strong>en aquellas causas de competencia federal en las que se acredite que entra\u00f1en cuestiones de notoria gravedad institucional<\/strong>, cuya soluci\u00f3n definitiva y expedita sea necesaria, y que el recurso constituye el \u00fanico remedio eficaz para la protecci\u00f3n del derecho federal comprometido, a los fines de evitar perjuicios de imposible o insuficiente reparaci\u00f3n ulterior\u00bb.<\/p>\n<p>Es decir que la Corte, a pedido de la parte interesada, podr\u00e1 analizar un caso del fuero federal sin necesidad que pase por las c\u00e1maras competentes si se comprueba que hay \u00abgravedad institucional\u00bb y que amerite una soluci\u00f3n r\u00e1pida ya que\u00a0<strong>la demora podr\u00eda implicar un da\u00f1o mayor<\/strong>.<\/p>\n<\/div>\n<\/article>\n","protected":false},"excerpt":{"rendered":"<p>El presidente\u00a0Javier Milei orden\u00f3 este martes a su equipo legal a pedir un\u00a0per saltum\u00a0a la Corte Suprema de Justicia a<\/p>\n","protected":false},"author":1,"featured_media":12342,"comment_status":"closed","ping_status":"closed","sticky":false,"template":"","format":"standard","meta":{"footnotes":"","jetpack_publicize_message":"","jetpack_publicize_feature_enabled":true,"jetpack_social_post_already_shared":true,"jetpack_social_options":{"image_generator_settings":{"template":"highway","enabled":false},"version":2}},"categories":[4],"tags":[],"class_list":["post-12341","post","type-post","status-publish","format-standard","has-post-thumbnail","hentry","category-nacionales"],"jetpack_publicize_connections":[],"_links":{"self":[{"href":"https:\/\/diariorepublica.com.ar\/web\/index.php\/wp-json\/wp\/v2\/posts\/12341"}],"collection":[{"href":"https:\/\/diariorepublica.com.ar\/web\/index.php\/wp-json\/wp\/v2\/posts"}],"about":[{"href":"https:\/\/diariorepublica.com.ar\/web\/index.php\/wp-json\/wp\/v2\/types\/post"}],"author":[{"embeddable":true,"href":"https:\/\/diariorepublica.com.ar\/web\/index.php\/wp-json\/wp\/v2\/users\/1"}],"replies":[{"embeddable":true,"href":"https:\/\/diariorepublica.com.ar\/web\/index.php\/wp-json\/wp\/v2\/comments?post=12341"}],"version-history":[{"count":1,"href":"https:\/\/diariorepublica.com.ar\/web\/index.php\/wp-json\/wp\/v2\/posts\/12341\/revisions"}],"predecessor-version":[{"id":12343,"href":"https:\/\/diariorepublica.com.ar\/web\/index.php\/wp-json\/wp\/v2\/posts\/12341\/revisions\/12343"}],"wp:featuredmedia":[{"embeddable":true,"href":"https:\/\/diariorepublica.com.ar\/web\/index.php\/wp-json\/wp\/v2\/media\/12342"}],"wp:attachment":[{"href":"https:\/\/diariorepublica.com.ar\/web\/index.php\/wp-json\/wp\/v2\/media?parent=12341"}],"wp:term":[{"taxonomy":"category","embeddable":true,"href":"https:\/\/diariorepublica.com.ar\/web\/index.php\/wp-json\/wp\/v2\/categories?post=12341"},{"taxonomy":"post_tag","embeddable":true,"href":"https:\/\/diariorepublica.com.ar\/web\/index.php\/wp-json\/wp\/v2\/tags?post=12341"}],"curies":[{"name":"wp","href":"https:\/\/api.w.org\/{rel}","templated":true}]}}