{"id":12360,"date":"2024-02-28T10:06:06","date_gmt":"2024-02-28T13:06:06","guid":{"rendered":"https:\/\/diariorepublica.com.ar\/web\/?p=12360"},"modified":"2024-02-28T10:06:09","modified_gmt":"2024-02-28T13:06:09","slug":"malestar-de-empleados-judiciales-por-los-porcentajes-de-mejoras-salariales","status":"publish","type":"post","link":"https:\/\/diariorepublica.com.ar\/web\/index.php\/sociedad\/2024\/02\/28\/malestar-de-empleados-judiciales-por-los-porcentajes-de-mejoras-salariales\/","title":{"rendered":"Malestar de empleados judiciales por los porcentajes de mejoras salariales"},"content":{"rendered":"<p>Luego de confirmarse que la Corte de Justicia resolvi\u00f3 otorgar un 15% de aumento a los empleados judiciales, los gremios expresaron su malestar por considerarlo insuficiente y anticiparon que definir\u00e1n medidas de fuerza en las pr\u00f3ximas horas. \u00abLo planteamos contra el Gobierno, no contra la Corte porque entendemos que se hicieron los esfuerzos\u00bb, dijo Cecilia Falc\u00f3n, referente de ATE Judicial.<\/p>\n<p>Seg\u00fan indic\u00f3 la gremialista, este jueves determinar\u00e1n los pasos a seguir y anticip\u00f3 que no descartan m\u00e1s medidas de acci\u00f3n directa como paros y quites de colaboraci\u00f3n.<\/p>\n","protected":false},"excerpt":{"rendered":"<p>Luego de confirmarse que la Corte de Justicia resolvi\u00f3 otorgar un 15% de aumento a los empleados judiciales, los gremios<\/p>\n","protected":false},"author":2,"featured_media":12361,"comment_status":"closed","ping_status":"closed","sticky":false,"template":"","format":"standard","meta":{"footnotes":"","jetpack_publicize_message":"","jetpack_publicize_feature_enabled":true,"jetpack_social_post_already_shared":true,"jetpack_social_options":{"image_generator_settings":{"template":"highway","enabled":false},"version":2}},"categories":[3],"tags":[],"class_list":["post-12360","post","type-post","status-publish","format-standard","has-post-thumbnail","hentry","category-sociedad"],"jetpack_publicize_connections":[],"_links":{"self":[{"href":"https:\/\/diariorepublica.com.ar\/web\/index.php\/wp-json\/wp\/v2\/posts\/12360"}],"collection":[{"href":"https:\/\/diariorepublica.com.ar\/web\/index.php\/wp-json\/wp\/v2\/posts"}],"about":[{"href":"https:\/\/diariorepublica.com.ar\/web\/index.php\/wp-json\/wp\/v2\/types\/post"}],"author":[{"embeddable":true,"href":"https:\/\/diariorepublica.com.ar\/web\/index.php\/wp-json\/wp\/v2\/users\/2"}],"replies":[{"embeddable":true,"href":"https:\/\/diariorepublica.com.ar\/web\/index.php\/wp-json\/wp\/v2\/comments?post=12360"}],"version-history":[{"count":1,"href":"https:\/\/diariorepublica.com.ar\/web\/index.php\/wp-json\/wp\/v2\/posts\/12360\/revisions"}],"predecessor-version":[{"id":12362,"href":"https:\/\/diariorepublica.com.ar\/web\/index.php\/wp-json\/wp\/v2\/posts\/12360\/revisions\/12362"}],"wp:featuredmedia":[{"embeddable":true,"href":"https:\/\/diariorepublica.com.ar\/web\/index.php\/wp-json\/wp\/v2\/media\/12361"}],"wp:attachment":[{"href":"https:\/\/diariorepublica.com.ar\/web\/index.php\/wp-json\/wp\/v2\/media?parent=12360"}],"wp:term":[{"taxonomy":"category","embeddable":true,"href":"https:\/\/diariorepublica.com.ar\/web\/index.php\/wp-json\/wp\/v2\/categories?post=12360"},{"taxonomy":"post_tag","embeddable":true,"href":"https:\/\/diariorepublica.com.ar\/web\/index.php\/wp-json\/wp\/v2\/tags?post=12360"}],"curies":[{"name":"wp","href":"https:\/\/api.w.org\/{rel}","templated":true}]}}