{"id":12403,"date":"2024-02-29T09:14:50","date_gmt":"2024-02-29T12:14:50","guid":{"rendered":"https:\/\/diariorepublica.com.ar\/web\/?p=12403"},"modified":"2024-02-29T09:14:53","modified_gmt":"2024-02-29T12:14:53","slug":"provincia-pidio-un-adelanto-de-utilidades-a-ymad","status":"publish","type":"post","link":"https:\/\/diariorepublica.com.ar\/web\/index.php\/politica\/2024\/02\/29\/provincia-pidio-un-adelanto-de-utilidades-a-ymad\/","title":{"rendered":"Provincia pidi\u00f3 un adelanto de utilidades a YMAD"},"content":{"rendered":"<p>El gobernador Ra\u00fal Jalil explic\u00f3 que pidieron a la empresa interestadual Yacimientos Mineros Agua de Dionisio un adelanto de utilidades para financiar obra p\u00fablica, aunque no precis\u00f3 el monto.<\/p>\n<p>Sin embargo, s\u00ed detall\u00f3 que el Gobierno consigui\u00f3 aportes extra por 33 millones de d\u00f3lares de las empresas mineras de litio que se destinar\u00e1n a obras viales. En una reuni\u00f3n que mantuvo con el vicegobernador Rub\u00e9n Dusso, el ministro de Infraestructura y Obras Civiles, Juan Marchetti, y el director de Vialidad Provincial, Fernando Castillo, analizaron el avance y estado de las diferentes obras en rutas y puentes que se encuentran en ejecuci\u00f3n con la premisa de reactivar con recursos propios los diversos trabajos que fueron paralizados ante la falta de env\u00edo de fondos por parte del Ejecutivo Nacional.<\/p>\n<p>Jalil valor\u00f3 que Catamarca est\u00e1 en una mejor posici\u00f3n que otras provincias como C\u00f3rdoba, Chubut o La Rioja, que deben enfrentar deudas en d\u00f3lares. \u201cCatamarca debe muy poca plata, en un plan de pago de 10 cuotas que se descuentan de la coparticipaci\u00f3n, como se dijo en estos d\u00edas. Esto es porque es una provincia ordenada y bien administrada, producto de las decisiones de Luc\u00eda Corpacci y mi gesti\u00f3n. Somos muy austeros, damos los aumentos que podemos dar, aunque nos gustar\u00eda dar m\u00e1s, pero no podemos descuidar las obras\u201d<\/p>\n","protected":false},"excerpt":{"rendered":"<p>El gobernador Ra\u00fal Jalil explic\u00f3 que pidieron a la empresa interestadual Yacimientos Mineros Agua de Dionisio un adelanto de utilidades<\/p>\n","protected":false},"author":2,"featured_media":12404,"comment_status":"closed","ping_status":"closed","sticky":false,"template":"","format":"standard","meta":{"footnotes":"","jetpack_publicize_message":"","jetpack_publicize_feature_enabled":true,"jetpack_social_post_already_shared":true,"jetpack_social_options":{"image_generator_settings":{"template":"highway","enabled":false},"version":2}},"categories":[12],"tags":[],"class_list":["post-12403","post","type-post","status-publish","format-standard","has-post-thumbnail","hentry","category-politica"],"jetpack_publicize_connections":[],"_links":{"self":[{"href":"https:\/\/diariorepublica.com.ar\/web\/index.php\/wp-json\/wp\/v2\/posts\/12403"}],"collection":[{"href":"https:\/\/diariorepublica.com.ar\/web\/index.php\/wp-json\/wp\/v2\/posts"}],"about":[{"href":"https:\/\/diariorepublica.com.ar\/web\/index.php\/wp-json\/wp\/v2\/types\/post"}],"author":[{"embeddable":true,"href":"https:\/\/diariorepublica.com.ar\/web\/index.php\/wp-json\/wp\/v2\/users\/2"}],"replies":[{"embeddable":true,"href":"https:\/\/diariorepublica.com.ar\/web\/index.php\/wp-json\/wp\/v2\/comments?post=12403"}],"version-history":[{"count":1,"href":"https:\/\/diariorepublica.com.ar\/web\/index.php\/wp-json\/wp\/v2\/posts\/12403\/revisions"}],"predecessor-version":[{"id":12405,"href":"https:\/\/diariorepublica.com.ar\/web\/index.php\/wp-json\/wp\/v2\/posts\/12403\/revisions\/12405"}],"wp:featuredmedia":[{"embeddable":true,"href":"https:\/\/diariorepublica.com.ar\/web\/index.php\/wp-json\/wp\/v2\/media\/12404"}],"wp:attachment":[{"href":"https:\/\/diariorepublica.com.ar\/web\/index.php\/wp-json\/wp\/v2\/media?parent=12403"}],"wp:term":[{"taxonomy":"category","embeddable":true,"href":"https:\/\/diariorepublica.com.ar\/web\/index.php\/wp-json\/wp\/v2\/categories?post=12403"},{"taxonomy":"post_tag","embeddable":true,"href":"https:\/\/diariorepublica.com.ar\/web\/index.php\/wp-json\/wp\/v2\/tags?post=12403"}],"curies":[{"name":"wp","href":"https:\/\/api.w.org\/{rel}","templated":true}]}}