{"id":12406,"date":"2024-02-29T09:25:07","date_gmt":"2024-02-29T12:25:07","guid":{"rendered":"https:\/\/diariorepublica.com.ar\/web\/?p=12406"},"modified":"2024-02-29T09:25:10","modified_gmt":"2024-02-29T12:25:10","slug":"jalil-opino-sobre-las-diferencias-entre-el-gobierno-nacional-y-la-provincia-de-chubut","status":"publish","type":"post","link":"https:\/\/diariorepublica.com.ar\/web\/index.php\/politica\/2024\/02\/29\/jalil-opino-sobre-las-diferencias-entre-el-gobierno-nacional-y-la-provincia-de-chubut\/","title":{"rendered":"Jalil opin\u00f3 sobre las diferencias entre el Gobierno Nacional y la provincia de Chubut"},"content":{"rendered":"<p>El gobernador de la provincia, Ra\u00fal Jalil, se refiri\u00f3 al conflicto entre la Naci\u00f3n y Chubut por los fondos coparticipables, dijo que \u00abno se deben resolver los problemas de la pol\u00edtica en la justicia\u00bb, hizo un llamado al di\u00e1logo y augur\u00f3 que el pa\u00eds \u00abva a estar muy bien\u00bb a partir de mayo.<\/p>\n<p>\u00abHay que salir de la justicia, no hay que llevar la pol\u00edtica a la Justicia. Ese es un error, la Justicia no se tiene que dedicar a resolver los problemas de la pol\u00edtica\u00bb, dijo el gobernador catamarque\u00f1o en declaraciones a prensa.<\/p>\n<p>Adem\u00e1s, se\u00f1al\u00f3 que \u00abla pol\u00edtica se tiene que resolver en el \u00e1mbito pol\u00edtico, en una mesa\u00bb y agreg\u00f3 que \u00abpor eso Catamarca no hizo ninguna demanda\u00bb.<\/p>\n<p>\u00abPienso que todo tiene que ser en forma administrativa y a trav\u00e9s del di\u00e1logo cuando uno quiere resolver los problemas pol\u00edticos en la justicia vienen los problemas que tenemos\u00bb, agreg\u00f3.<\/p>\n","protected":false},"excerpt":{"rendered":"<p>El gobernador de la provincia, Ra\u00fal Jalil, se refiri\u00f3 al conflicto entre la Naci\u00f3n y Chubut por los fondos coparticipables,<\/p>\n","protected":false},"author":2,"featured_media":12407,"comment_status":"closed","ping_status":"closed","sticky":false,"template":"","format":"standard","meta":{"footnotes":"","jetpack_publicize_message":"","jetpack_publicize_feature_enabled":true,"jetpack_social_post_already_shared":true,"jetpack_social_options":{"image_generator_settings":{"template":"highway","enabled":false},"version":2}},"categories":[12],"tags":[],"class_list":["post-12406","post","type-post","status-publish","format-standard","has-post-thumbnail","hentry","category-politica"],"jetpack_publicize_connections":[],"_links":{"self":[{"href":"https:\/\/diariorepublica.com.ar\/web\/index.php\/wp-json\/wp\/v2\/posts\/12406"}],"collection":[{"href":"https:\/\/diariorepublica.com.ar\/web\/index.php\/wp-json\/wp\/v2\/posts"}],"about":[{"href":"https:\/\/diariorepublica.com.ar\/web\/index.php\/wp-json\/wp\/v2\/types\/post"}],"author":[{"embeddable":true,"href":"https:\/\/diariorepublica.com.ar\/web\/index.php\/wp-json\/wp\/v2\/users\/2"}],"replies":[{"embeddable":true,"href":"https:\/\/diariorepublica.com.ar\/web\/index.php\/wp-json\/wp\/v2\/comments?post=12406"}],"version-history":[{"count":1,"href":"https:\/\/diariorepublica.com.ar\/web\/index.php\/wp-json\/wp\/v2\/posts\/12406\/revisions"}],"predecessor-version":[{"id":12408,"href":"https:\/\/diariorepublica.com.ar\/web\/index.php\/wp-json\/wp\/v2\/posts\/12406\/revisions\/12408"}],"wp:featuredmedia":[{"embeddable":true,"href":"https:\/\/diariorepublica.com.ar\/web\/index.php\/wp-json\/wp\/v2\/media\/12407"}],"wp:attachment":[{"href":"https:\/\/diariorepublica.com.ar\/web\/index.php\/wp-json\/wp\/v2\/media?parent=12406"}],"wp:term":[{"taxonomy":"category","embeddable":true,"href":"https:\/\/diariorepublica.com.ar\/web\/index.php\/wp-json\/wp\/v2\/categories?post=12406"},{"taxonomy":"post_tag","embeddable":true,"href":"https:\/\/diariorepublica.com.ar\/web\/index.php\/wp-json\/wp\/v2\/tags?post=12406"}],"curies":[{"name":"wp","href":"https:\/\/api.w.org\/{rel}","templated":true}]}}