{"id":12494,"date":"2024-03-04T09:13:54","date_gmt":"2024-03-04T12:13:54","guid":{"rendered":"https:\/\/diariorepublica.com.ar\/web\/?p=12494"},"modified":"2024-03-04T09:13:56","modified_gmt":"2024-03-04T12:13:56","slug":"preocupacion-en-agap","status":"publish","type":"post","link":"https:\/\/diariorepublica.com.ar\/web\/index.php\/politica\/2024\/03\/04\/preocupacion-en-agap\/","title":{"rendered":"Preocupaci\u00f3n en AGAP"},"content":{"rendered":"<p>Por primera vez desde su creaci\u00f3n, en 2023 la Administraci\u00f3n General de Asuntos Previsionales oper\u00f3 en d\u00e9ficit, por lo que se decidi\u00f3 que los empleados p\u00fablicos deber\u00e1n aumentar el aporte que realizan para sostener esta caja, cuya principal funci\u00f3n es pagar el complemento a las jubilaciones para alcanzar el 82% m\u00f3vil.<\/p>\n<p>Tal como se inform\u00f3 oportunamente, en una reuni\u00f3n entre el titular de la AGAP, Rafael Ponzo Florimonte y representantes gremiales de ATE, UPCN y Vialidad Provincial, se anunci\u00f3 un aumento en el aporte de los activos al AGAP, pasando del 2% al 2,5% para el resto del 2024 y al 3% a partir del 1 de enero de 2025. Es decir, si no hubiera incrementos salariales, un empleado activo que aportaba $1.000 mensuales, aportar\u00e1 $1.250 en lo que queda del a\u00f1o y $1.500 el a\u00f1o pr\u00f3ximo.<\/p>\n<p>\u00abEl objetivo de esta medida es garantizar la sustentabilidad de AGAP y asegurar el pago del 82% m\u00f3vil a los beneficiarios\u00bb, destac\u00f3 Ponzo Florimonte, quien valor\u00f3 hay \u00abcomprensi\u00f3n por parte de los gremios\u00bb, quienes consideraron que si el aumento garantiza la sustentabilidad y el pago del 82% m\u00f3vil, deb\u00edan avanzar<\/p>\n","protected":false},"excerpt":{"rendered":"<p>Por primera vez desde su creaci\u00f3n, en 2023 la Administraci\u00f3n General de Asuntos Previsionales oper\u00f3 en d\u00e9ficit, por lo que<\/p>\n","protected":false},"author":2,"featured_media":12495,"comment_status":"closed","ping_status":"closed","sticky":false,"template":"","format":"standard","meta":{"footnotes":"","jetpack_publicize_message":"","jetpack_publicize_feature_enabled":true,"jetpack_social_post_already_shared":true,"jetpack_social_options":{"image_generator_settings":{"template":"highway","enabled":false},"version":2}},"categories":[12],"tags":[],"class_list":["post-12494","post","type-post","status-publish","format-standard","has-post-thumbnail","hentry","category-politica"],"jetpack_publicize_connections":[],"_links":{"self":[{"href":"https:\/\/diariorepublica.com.ar\/web\/index.php\/wp-json\/wp\/v2\/posts\/12494"}],"collection":[{"href":"https:\/\/diariorepublica.com.ar\/web\/index.php\/wp-json\/wp\/v2\/posts"}],"about":[{"href":"https:\/\/diariorepublica.com.ar\/web\/index.php\/wp-json\/wp\/v2\/types\/post"}],"author":[{"embeddable":true,"href":"https:\/\/diariorepublica.com.ar\/web\/index.php\/wp-json\/wp\/v2\/users\/2"}],"replies":[{"embeddable":true,"href":"https:\/\/diariorepublica.com.ar\/web\/index.php\/wp-json\/wp\/v2\/comments?post=12494"}],"version-history":[{"count":1,"href":"https:\/\/diariorepublica.com.ar\/web\/index.php\/wp-json\/wp\/v2\/posts\/12494\/revisions"}],"predecessor-version":[{"id":12496,"href":"https:\/\/diariorepublica.com.ar\/web\/index.php\/wp-json\/wp\/v2\/posts\/12494\/revisions\/12496"}],"wp:featuredmedia":[{"embeddable":true,"href":"https:\/\/diariorepublica.com.ar\/web\/index.php\/wp-json\/wp\/v2\/media\/12495"}],"wp:attachment":[{"href":"https:\/\/diariorepublica.com.ar\/web\/index.php\/wp-json\/wp\/v2\/media?parent=12494"}],"wp:term":[{"taxonomy":"category","embeddable":true,"href":"https:\/\/diariorepublica.com.ar\/web\/index.php\/wp-json\/wp\/v2\/categories?post=12494"},{"taxonomy":"post_tag","embeddable":true,"href":"https:\/\/diariorepublica.com.ar\/web\/index.php\/wp-json\/wp\/v2\/tags?post=12494"}],"curies":[{"name":"wp","href":"https:\/\/api.w.org\/{rel}","templated":true}]}}