{"id":12507,"date":"2024-03-04T12:23:41","date_gmt":"2024-03-04T15:23:41","guid":{"rendered":"https:\/\/diariorepublica.com.ar\/web\/?p=12507"},"modified":"2024-03-04T12:23:43","modified_gmt":"2024-03-04T15:23:43","slug":"manuel-adorni-esta-semana-se-conocera-el-plan-del-cierre-de-telam","status":"publish","type":"post","link":"https:\/\/diariorepublica.com.ar\/web\/index.php\/nacionales\/2024\/03\/04\/manuel-adorni-esta-semana-se-conocera-el-plan-del-cierre-de-telam\/","title":{"rendered":"Manuel Adorni: \u00abEsta semana se conocer\u00e1 el plan del cierre de T\u00e9lam\u00bb"},"content":{"rendered":"<p>El vocero presidencial, Manuel Adorni, adelant\u00f3 este lunes que en los pr\u00f3ximos d\u00edas se conocer\u00e1 en detalle el plan de javier Milei para el cierre de la agencia T\u00e9lam.<\/p>\n<p>\u00abT\u00e9lam tenia perdidas por m\u00e1s de 20.000 millones de pesos\u00bb, argument\u00f3 Adorni en su conferencia en Casa Rosada.<\/p>\n<p>Al dar paso a las preguntas, uno de los periodistas refiri\u00f3 que todos los trabajadores de prensa presentes en la sala acordaron \u00abmanifestar su solidaridad con los miembros de la agencia nacional T\u00e9lam\u00bb.<\/p>\n<p>Tras el aplauso de los presentes, el periodista le pregunt\u00f3 a Adorni cu\u00e1l era el plan del cierre de la agencia y cu\u00e1l ser\u00e1 la situaci\u00f3n de los trabajadores que all\u00ed se desempe\u00f1aban.<\/p>\n<p>\u201cEsta semana se va a conocer el plan que est\u00e1 dise\u00f1ando el gobierno para el cierre de T\u00e9lam y el destino de sus empleados\u201d, respondi\u00f3 Adorni, quien agreg\u00f3: \u201cAprovecho para contarles que este a\u00f1o T\u00e9lam ten\u00eda p\u00e9rdidas estimadas en 20 mil millones de pesos\u201d. Adem\u00e1s, el vocero presidencial volvi\u00f3 a resaltar que el cierre era una promesa de campa\u00f1a de Javier Milei.<\/p>\n<p>Por otra parte, Adorni neg\u00f3 que el cierre de la agencia pudiera afectar a la libertad de prensa y a la pluralidad de voces. \u00abEs simplemente cumplir con lo que el presidente prometi\u00f3 en campa\u00f1a y que record\u00f3 el viernes en su discurso ante la Asamblea Legislativa y que ahora dio la orden de poner en ejecuci\u00f3n\u00bb, manifest\u00f3.<\/p>\n<p>La siguiente pregunta, formulada por una periodista de \u00c1mbito Financiero, se refiri\u00f3 a los contenidos de la agencia de noticias. Tras informar que archivo de T\u00e9lam es de todos los argentino, la periodista consult\u00f3 por qu\u00e9 no se puede acceder desde este lunes al portal de la agencia y su archivo, ya que en la ma\u00f1ana del lunes la web no se encuentra disponible y, en su lugar, aparece un escudo nacional con la leyenda: \u00abP\u00e1gina en reconstrucci\u00f3n\u00bb.<\/p>\n<p>\u00abEntiendo que es parte de una reestructuraci\u00f3n que se est\u00e1 haciendo del sitio web y pr\u00f3ximamente va a estar en l\u00ednea\u00bb, afirm\u00f3 Adorni y luego dio paso a la siguiente pregunta que apunt\u00f3 a conocer por qu\u00e9 se hab\u00eda dispuesto de un operativo de seguridad tan importante en las puertas de la agencia. \u00abLa verdad es que no habl\u00e9 con el Ministerio de Seguridad para conocer por qu\u00e9 se tom\u00f3 esa medida\u00bb, comenz\u00f3 Adorni y continu\u00f3: \u00abEntiendo que se quiso evitar cualquier irrupci\u00f3n de gente que nada tuviera que ver con T\u00e9lam ni con el gobierno, que quisieran ensuciar al gobierno o a los empleados de la agencia\u00bb.<\/p>\n<p>A la pregunta sobre si el cierre de T\u00e9lam debe pasar por el Congreso, considerando que hay una ley que podr\u00eda impedirlo, Adorni respondi\u00f3 que esa era una de las cuestiones que se estaban analizando dentro del plan integral que se dar\u00e1 a conocer esta semana.<\/p>\n","protected":false},"excerpt":{"rendered":"<p>El vocero presidencial, Manuel Adorni, adelant\u00f3 este lunes que en los pr\u00f3ximos d\u00edas se conocer\u00e1 en detalle el plan de<\/p>\n","protected":false},"author":1,"featured_media":12508,"comment_status":"closed","ping_status":"closed","sticky":false,"template":"","format":"standard","meta":{"footnotes":"","jetpack_publicize_message":"","jetpack_publicize_feature_enabled":true,"jetpack_social_post_already_shared":true,"jetpack_social_options":{"image_generator_settings":{"template":"highway","enabled":false},"version":2}},"categories":[4],"tags":[],"class_list":["post-12507","post","type-post","status-publish","format-standard","has-post-thumbnail","hentry","category-nacionales"],"jetpack_publicize_connections":[],"_links":{"self":[{"href":"https:\/\/diariorepublica.com.ar\/web\/index.php\/wp-json\/wp\/v2\/posts\/12507"}],"collection":[{"href":"https:\/\/diariorepublica.com.ar\/web\/index.php\/wp-json\/wp\/v2\/posts"}],"about":[{"href":"https:\/\/diariorepublica.com.ar\/web\/index.php\/wp-json\/wp\/v2\/types\/post"}],"author":[{"embeddable":true,"href":"https:\/\/diariorepublica.com.ar\/web\/index.php\/wp-json\/wp\/v2\/users\/1"}],"replies":[{"embeddable":true,"href":"https:\/\/diariorepublica.com.ar\/web\/index.php\/wp-json\/wp\/v2\/comments?post=12507"}],"version-history":[{"count":1,"href":"https:\/\/diariorepublica.com.ar\/web\/index.php\/wp-json\/wp\/v2\/posts\/12507\/revisions"}],"predecessor-version":[{"id":12509,"href":"https:\/\/diariorepublica.com.ar\/web\/index.php\/wp-json\/wp\/v2\/posts\/12507\/revisions\/12509"}],"wp:featuredmedia":[{"embeddable":true,"href":"https:\/\/diariorepublica.com.ar\/web\/index.php\/wp-json\/wp\/v2\/media\/12508"}],"wp:attachment":[{"href":"https:\/\/diariorepublica.com.ar\/web\/index.php\/wp-json\/wp\/v2\/media?parent=12507"}],"wp:term":[{"taxonomy":"category","embeddable":true,"href":"https:\/\/diariorepublica.com.ar\/web\/index.php\/wp-json\/wp\/v2\/categories?post=12507"},{"taxonomy":"post_tag","embeddable":true,"href":"https:\/\/diariorepublica.com.ar\/web\/index.php\/wp-json\/wp\/v2\/tags?post=12507"}],"curies":[{"name":"wp","href":"https:\/\/api.w.org\/{rel}","templated":true}]}}