{"id":12510,"date":"2024-03-04T12:58:30","date_gmt":"2024-03-04T15:58:30","guid":{"rendered":"https:\/\/diariorepublica.com.ar\/web\/?p=12510"},"modified":"2024-03-04T12:58:32","modified_gmt":"2024-03-04T15:58:32","slug":"inicio-el-ciclo-lectivo-2024-en-el-jardin-maternal-del-senado","status":"publish","type":"post","link":"https:\/\/diariorepublica.com.ar\/web\/index.php\/locales\/2024\/03\/04\/inicio-el-ciclo-lectivo-2024-en-el-jardin-maternal-del-senado\/","title":{"rendered":"Inici\u00f3 el ciclo lectivo 2024 en el Jard\u00edn maternal del Senado"},"content":{"rendered":"<p>El Jard\u00edn Maternal de la C\u00e1mara de Senadores tuvo este lunes su acto de apertura del Ciclo Lectivo 2024, contando con la presencia del vicegobernador Rub\u00e9n Dusso junto a la senadora Virginia del Arco; la directora de la instituci\u00f3n educativa, Flavia Espoz; el subsecretario de T\u00e9cnica y Coordinaci\u00f3n de Senado, Julio Macedo; el coordinador de Promoci\u00f3n Social, Daniel Toledo; la supervisora general, Selva Ferreyra; y la supervisora de los jardines Maternales, Mariela Saavedra.<\/p>\n<p>En el acto llevado adelante en el edificio del jard\u00edn, ubicado en el predio del C.A.P.E, se hizo entrega de presentes a las ni\u00f1as y ni\u00f1os que asisten al Jard\u00edn as\u00ed como al equipo docente, augurando un exitoso nuevo a\u00f1o de aprendizaje para las infancias en este fundamental espacio inicial de contenci\u00f3n y juego.<\/p>\n<p>\u201cEl objetivo siempre es hacer que los ni\u00f1os est\u00e9n cerca de sus madres, ya que el amor que hay en la familia dif\u00edcilmente sea suplantado, pero aqu\u00ed tenemos un plantel extraordinario de se\u00f1oritas que se van a encargar de que haya la menor distancia posible entre el hogar y el jard\u00edn. Es un espacio donde chicas y chicos comienzan a socializar y ser solidarios, donde aprendemos a convivir y compartir\u201d, expres\u00f3 el vicegobernador.<\/p>\n","protected":false},"excerpt":{"rendered":"<p>El Jard\u00edn Maternal de la C\u00e1mara de Senadores tuvo este lunes su acto de apertura del Ciclo Lectivo 2024, contando<\/p>\n","protected":false},"author":1,"featured_media":12511,"comment_status":"closed","ping_status":"closed","sticky":false,"template":"","format":"standard","meta":{"footnotes":"","jetpack_publicize_message":"","jetpack_publicize_feature_enabled":true,"jetpack_social_post_already_shared":true,"jetpack_social_options":{"image_generator_settings":{"template":"highway","enabled":false},"version":2}},"categories":[2],"tags":[],"class_list":["post-12510","post","type-post","status-publish","format-standard","has-post-thumbnail","hentry","category-locales"],"jetpack_publicize_connections":[],"_links":{"self":[{"href":"https:\/\/diariorepublica.com.ar\/web\/index.php\/wp-json\/wp\/v2\/posts\/12510"}],"collection":[{"href":"https:\/\/diariorepublica.com.ar\/web\/index.php\/wp-json\/wp\/v2\/posts"}],"about":[{"href":"https:\/\/diariorepublica.com.ar\/web\/index.php\/wp-json\/wp\/v2\/types\/post"}],"author":[{"embeddable":true,"href":"https:\/\/diariorepublica.com.ar\/web\/index.php\/wp-json\/wp\/v2\/users\/1"}],"replies":[{"embeddable":true,"href":"https:\/\/diariorepublica.com.ar\/web\/index.php\/wp-json\/wp\/v2\/comments?post=12510"}],"version-history":[{"count":1,"href":"https:\/\/diariorepublica.com.ar\/web\/index.php\/wp-json\/wp\/v2\/posts\/12510\/revisions"}],"predecessor-version":[{"id":12512,"href":"https:\/\/diariorepublica.com.ar\/web\/index.php\/wp-json\/wp\/v2\/posts\/12510\/revisions\/12512"}],"wp:featuredmedia":[{"embeddable":true,"href":"https:\/\/diariorepublica.com.ar\/web\/index.php\/wp-json\/wp\/v2\/media\/12511"}],"wp:attachment":[{"href":"https:\/\/diariorepublica.com.ar\/web\/index.php\/wp-json\/wp\/v2\/media?parent=12510"}],"wp:term":[{"taxonomy":"category","embeddable":true,"href":"https:\/\/diariorepublica.com.ar\/web\/index.php\/wp-json\/wp\/v2\/categories?post=12510"},{"taxonomy":"post_tag","embeddable":true,"href":"https:\/\/diariorepublica.com.ar\/web\/index.php\/wp-json\/wp\/v2\/tags?post=12510"}],"curies":[{"name":"wp","href":"https:\/\/api.w.org\/{rel}","templated":true}]}}