{"id":12522,"date":"2024-03-05T08:34:16","date_gmt":"2024-03-05T11:34:16","guid":{"rendered":"https:\/\/diariorepublica.com.ar\/web\/?p=12522"},"modified":"2024-03-05T08:34:20","modified_gmt":"2024-03-05T11:34:20","slug":"paro-nacional-de-uta-afecta-a-los-usuarios-en-catamarca","status":"publish","type":"post","link":"https:\/\/diariorepublica.com.ar\/web\/index.php\/sociedad\/2024\/03\/05\/paro-nacional-de-uta-afecta-a-los-usuarios-en-catamarca\/","title":{"rendered":"Paro nacional de UTA afecta a los usuarios en Catamarca"},"content":{"rendered":"<p>La Uni\u00f3n Tranviarios Automotor (UTA) Seccional Catamarca-La Rioja ratific\u00f3 que se suma al paro de colectivos de 24 horas en el interior del pa\u00eds dispuesto para el dia de hoy, como respuesta a la falta de avances en las negociaciones salariales que llevan m\u00e1s de 2 meses en la Secretar\u00eda de Trabajo de la Naci\u00f3n.<\/p>\n<p>La medida afectar\u00e1 el servicio de transporte p\u00fablico y busca presionar a las autoridades y empresarios para que ofrezcan una propuesta salarial satisfactoria.En el comunicado oficial, la UTA destac\u00f3 la ausencia de propuestas salariales despu\u00e9s de 2 meses de audiencias en la Secretar\u00eda de Trabajo de la Naci\u00f3n.<\/p>\n<p>El texto se\u00f1ala claramente la raz\u00f3n detr\u00e1s del paro, afirmando: \u00abEl conflicto se profundizar\u00e1 ante la inacci\u00f3n de los actores del presente proceso, ya sea empresarios y autoridades nacionales, provinciales y municipales, al vencimiento del periodo de conciliaci\u00f3n laboral obligatoria\u00bb.<\/p>\n<p>La medida de acci\u00f3n gremial, que se llevar\u00e1 a cabo durante toda la jornada del martes 5 de marzo de 2024, afectar\u00e1 a trabajadores, autoridades, usuarios y la opini\u00f3n p\u00fablica en general. La UTA busca hacer visible su reclamo y presionar para obtener una respuesta concreta a las demandas salariales de los trabajadores del transporte.<\/p>\n<p>La UTA hace hincapi\u00e9 en la necesidad de una propuesta salarial que alivie la grave situaci\u00f3n econ\u00f3mica de los trabajadores, destacando la importancia de llegar a un acuerdo para evitar futuras medidas de fuerza.<\/p>\n","protected":false},"excerpt":{"rendered":"<p>La Uni\u00f3n Tranviarios Automotor (UTA) Seccional Catamarca-La Rioja ratific\u00f3 que se suma al paro de colectivos de 24 horas en<\/p>\n","protected":false},"author":2,"featured_media":12523,"comment_status":"closed","ping_status":"closed","sticky":false,"template":"","format":"standard","meta":{"footnotes":"","jetpack_publicize_message":"","jetpack_publicize_feature_enabled":true,"jetpack_social_post_already_shared":true,"jetpack_social_options":{"image_generator_settings":{"template":"highway","enabled":false},"version":2}},"categories":[3],"tags":[],"class_list":["post-12522","post","type-post","status-publish","format-standard","has-post-thumbnail","hentry","category-sociedad"],"jetpack_publicize_connections":[],"_links":{"self":[{"href":"https:\/\/diariorepublica.com.ar\/web\/index.php\/wp-json\/wp\/v2\/posts\/12522"}],"collection":[{"href":"https:\/\/diariorepublica.com.ar\/web\/index.php\/wp-json\/wp\/v2\/posts"}],"about":[{"href":"https:\/\/diariorepublica.com.ar\/web\/index.php\/wp-json\/wp\/v2\/types\/post"}],"author":[{"embeddable":true,"href":"https:\/\/diariorepublica.com.ar\/web\/index.php\/wp-json\/wp\/v2\/users\/2"}],"replies":[{"embeddable":true,"href":"https:\/\/diariorepublica.com.ar\/web\/index.php\/wp-json\/wp\/v2\/comments?post=12522"}],"version-history":[{"count":1,"href":"https:\/\/diariorepublica.com.ar\/web\/index.php\/wp-json\/wp\/v2\/posts\/12522\/revisions"}],"predecessor-version":[{"id":12524,"href":"https:\/\/diariorepublica.com.ar\/web\/index.php\/wp-json\/wp\/v2\/posts\/12522\/revisions\/12524"}],"wp:featuredmedia":[{"embeddable":true,"href":"https:\/\/diariorepublica.com.ar\/web\/index.php\/wp-json\/wp\/v2\/media\/12523"}],"wp:attachment":[{"href":"https:\/\/diariorepublica.com.ar\/web\/index.php\/wp-json\/wp\/v2\/media?parent=12522"}],"wp:term":[{"taxonomy":"category","embeddable":true,"href":"https:\/\/diariorepublica.com.ar\/web\/index.php\/wp-json\/wp\/v2\/categories?post=12522"},{"taxonomy":"post_tag","embeddable":true,"href":"https:\/\/diariorepublica.com.ar\/web\/index.php\/wp-json\/wp\/v2\/tags?post=12522"}],"curies":[{"name":"wp","href":"https:\/\/api.w.org\/{rel}","templated":true}]}}