{"id":12528,"date":"2024-03-05T09:00:07","date_gmt":"2024-03-05T12:00:07","guid":{"rendered":"https:\/\/diariorepublica.com.ar\/web\/?p=12528"},"modified":"2024-03-05T09:00:09","modified_gmt":"2024-03-05T12:00:09","slug":"empresarios-del-transporte-publicos-presionan-por-un-nuevo-incremento-del-boleto","status":"publish","type":"post","link":"https:\/\/diariorepublica.com.ar\/web\/index.php\/politica\/2024\/03\/05\/empresarios-del-transporte-publicos-presionan-por-un-nuevo-incremento-del-boleto\/","title":{"rendered":"Empresarios del transporte p\u00fablicos presionan por un nuevo incremento del boleto"},"content":{"rendered":"<p>Las empresas de transporte p\u00fablico de pasajeros solicitan una actualizaci\u00f3n del boleto urbano y plantearon la necesidad de que suba de los $250 actuales a un m\u00ednimo de entre $1.000 y $1.100.<\/p>\n<p>El Gobierno de la Provincia anticip\u00f3 que desde el Ministerio de Integraci\u00f3n, Log\u00edstica y Transporte buscan \u00abque el incremento sea menor e impacte lo menos posible en el bolsillo de los usuarios catamarque\u00f1os\u00bb.<\/p>\n<p>\u00abDesde el Estado provincial se vienen realizando todos los esfuerzos en materia financiera para mantener los subsidios y aportes a las empresas, a pesar de la quita de fondos nacionales y la crisis econ\u00f3mica. Por eso se trabaja para que la actualizaci\u00f3n del boleto sea lo m\u00e1s equilibrada posible y no afecte tanto el bolsillo\u00bb<\/p>\n","protected":false},"excerpt":{"rendered":"<p>Las empresas de transporte p\u00fablico de pasajeros solicitan una actualizaci\u00f3n del boleto urbano y plantearon la necesidad de que suba<\/p>\n","protected":false},"author":2,"featured_media":12529,"comment_status":"closed","ping_status":"closed","sticky":false,"template":"","format":"standard","meta":{"footnotes":"","jetpack_publicize_message":"","jetpack_publicize_feature_enabled":true,"jetpack_social_post_already_shared":true,"jetpack_social_options":{"image_generator_settings":{"template":"highway","enabled":false},"version":2}},"categories":[12],"tags":[],"class_list":["post-12528","post","type-post","status-publish","format-standard","has-post-thumbnail","hentry","category-politica"],"jetpack_publicize_connections":[],"_links":{"self":[{"href":"https:\/\/diariorepublica.com.ar\/web\/index.php\/wp-json\/wp\/v2\/posts\/12528"}],"collection":[{"href":"https:\/\/diariorepublica.com.ar\/web\/index.php\/wp-json\/wp\/v2\/posts"}],"about":[{"href":"https:\/\/diariorepublica.com.ar\/web\/index.php\/wp-json\/wp\/v2\/types\/post"}],"author":[{"embeddable":true,"href":"https:\/\/diariorepublica.com.ar\/web\/index.php\/wp-json\/wp\/v2\/users\/2"}],"replies":[{"embeddable":true,"href":"https:\/\/diariorepublica.com.ar\/web\/index.php\/wp-json\/wp\/v2\/comments?post=12528"}],"version-history":[{"count":1,"href":"https:\/\/diariorepublica.com.ar\/web\/index.php\/wp-json\/wp\/v2\/posts\/12528\/revisions"}],"predecessor-version":[{"id":12530,"href":"https:\/\/diariorepublica.com.ar\/web\/index.php\/wp-json\/wp\/v2\/posts\/12528\/revisions\/12530"}],"wp:featuredmedia":[{"embeddable":true,"href":"https:\/\/diariorepublica.com.ar\/web\/index.php\/wp-json\/wp\/v2\/media\/12529"}],"wp:attachment":[{"href":"https:\/\/diariorepublica.com.ar\/web\/index.php\/wp-json\/wp\/v2\/media?parent=12528"}],"wp:term":[{"taxonomy":"category","embeddable":true,"href":"https:\/\/diariorepublica.com.ar\/web\/index.php\/wp-json\/wp\/v2\/categories?post=12528"},{"taxonomy":"post_tag","embeddable":true,"href":"https:\/\/diariorepublica.com.ar\/web\/index.php\/wp-json\/wp\/v2\/tags?post=12528"}],"curies":[{"name":"wp","href":"https:\/\/api.w.org\/{rel}","templated":true}]}}