{"id":12534,"date":"2024-03-05T09:32:27","date_gmt":"2024-03-05T12:32:27","guid":{"rendered":"https:\/\/diariorepublica.com.ar\/web\/?p=12534"},"modified":"2024-03-05T09:32:29","modified_gmt":"2024-03-05T12:32:29","slug":"ministerio-de-salud-aclaro-sobre-renuncias-en-el-dpto-belen","status":"publish","type":"post","link":"https:\/\/diariorepublica.com.ar\/web\/index.php\/politica\/2024\/03\/05\/ministerio-de-salud-aclaro-sobre-renuncias-en-el-dpto-belen\/","title":{"rendered":"Ministerio de Salud aclar\u00f3 sobre renuncias en el Dpto Bel\u00e9n"},"content":{"rendered":"<p>\u201cAnte recientes informaciones difundidas por algunos medios de comunicaci\u00f3n respecto a supuestas renuncias presentadas por m\u00e9dicos en Bel\u00e9n, el Ministerio de Salud informa que no se ha recibido formalmente ninguna renuncia por parte del personal m\u00e9dico de dicho departamento.<\/p>\n<p>La informaci\u00f3n difundida carece de fundamento y no refleja la realidad de la situaci\u00f3n.<\/p>\n<p>En la reuni\u00f3n llevada a cabo hoy entre el ministro Lucas Zampieri y su equipo con los m\u00e9dicos de Bel\u00e9n, se trataron diversos temas, incluyendo aspectos salariales y otros temas relacionados con la atenci\u00f3n de la salud p\u00fablica en la regi\u00f3n. En ning\u00fan momento se aceptaron renuncias, ya que no existe ninguna presentaci\u00f3n formal.<\/p>\n<p>Reiteramos nuestro compromiso con la comunidad de Bel\u00e9n y con el fortalecimiento del sistema de salud local. Seguimos trabajando en conjunto con el personal m\u00e9dico para garantizar una atenci\u00f3n de calidad para todos los ciudadanos\u201d.<\/p>\n","protected":false},"excerpt":{"rendered":"<p>\u201cAnte recientes informaciones difundidas por algunos medios de comunicaci\u00f3n respecto a supuestas renuncias presentadas por m\u00e9dicos en Bel\u00e9n, el Ministerio<\/p>\n","protected":false},"author":2,"featured_media":12535,"comment_status":"closed","ping_status":"closed","sticky":false,"template":"","format":"standard","meta":{"footnotes":"","jetpack_publicize_message":"","jetpack_publicize_feature_enabled":true,"jetpack_social_post_already_shared":true,"jetpack_social_options":{"image_generator_settings":{"template":"highway","enabled":false},"version":2}},"categories":[12],"tags":[],"class_list":["post-12534","post","type-post","status-publish","format-standard","has-post-thumbnail","hentry","category-politica"],"jetpack_publicize_connections":[],"_links":{"self":[{"href":"https:\/\/diariorepublica.com.ar\/web\/index.php\/wp-json\/wp\/v2\/posts\/12534"}],"collection":[{"href":"https:\/\/diariorepublica.com.ar\/web\/index.php\/wp-json\/wp\/v2\/posts"}],"about":[{"href":"https:\/\/diariorepublica.com.ar\/web\/index.php\/wp-json\/wp\/v2\/types\/post"}],"author":[{"embeddable":true,"href":"https:\/\/diariorepublica.com.ar\/web\/index.php\/wp-json\/wp\/v2\/users\/2"}],"replies":[{"embeddable":true,"href":"https:\/\/diariorepublica.com.ar\/web\/index.php\/wp-json\/wp\/v2\/comments?post=12534"}],"version-history":[{"count":1,"href":"https:\/\/diariorepublica.com.ar\/web\/index.php\/wp-json\/wp\/v2\/posts\/12534\/revisions"}],"predecessor-version":[{"id":12536,"href":"https:\/\/diariorepublica.com.ar\/web\/index.php\/wp-json\/wp\/v2\/posts\/12534\/revisions\/12536"}],"wp:featuredmedia":[{"embeddable":true,"href":"https:\/\/diariorepublica.com.ar\/web\/index.php\/wp-json\/wp\/v2\/media\/12535"}],"wp:attachment":[{"href":"https:\/\/diariorepublica.com.ar\/web\/index.php\/wp-json\/wp\/v2\/media?parent=12534"}],"wp:term":[{"taxonomy":"category","embeddable":true,"href":"https:\/\/diariorepublica.com.ar\/web\/index.php\/wp-json\/wp\/v2\/categories?post=12534"},{"taxonomy":"post_tag","embeddable":true,"href":"https:\/\/diariorepublica.com.ar\/web\/index.php\/wp-json\/wp\/v2\/tags?post=12534"}],"curies":[{"name":"wp","href":"https:\/\/api.w.org\/{rel}","templated":true}]}}