{"id":12544,"date":"2024-03-05T15:59:00","date_gmt":"2024-03-05T18:59:00","guid":{"rendered":"https:\/\/diariorepublica.com.ar\/web\/?p=12544"},"modified":"2024-03-05T12:59:57","modified_gmt":"2024-03-05T15:59:57","slug":"referentes-de-derechos-humanos-invitan-a-una-charla-debate-en-la-biblioteca-popular-manuel-ponferrada","status":"publish","type":"post","link":"https:\/\/diariorepublica.com.ar\/web\/index.php\/locales\/2024\/03\/05\/referentes-de-derechos-humanos-invitan-a-una-charla-debate-en-la-biblioteca-popular-manuel-ponferrada\/","title":{"rendered":"Referentes de Derechos Humanos invitan a una charla debate en la Biblioteca Popular Manuel Ponferrada"},"content":{"rendered":"<p>Este mi\u00e9rcoles 6 de marzo se llevar\u00e1 a cabo el conversatorio \u201cMujer y Terrorismo de Estado\u201d, con el objetivo de profundizar lo sucedido en Catamarca durante la \u00faltima dictadura militar. La cita ser\u00e1 a las 19.30 hs. en la Biblioteca Popular Manuel Ponferrada, ubicada en el barrio de La Chacarita.<\/p>\n<p>La idea fundamental de la actividad es la de sumar nuevas dimensiones de debate, dentro de un espacio que pretende recuperar las voces y abrir la conversaci\u00f3n con mujeres ex presas pol\u00edticas y referentes de los Derechos Humanos de nuestra provincia.<\/p>\n<p>La actividad busca as\u00ed profundizar sobre los testimonios de Lila Macedo, Cristina Ib\u00e1\u00f1ez y Coca Luj\u00e1n, para analizar desde sus experiencias, c\u00f3mo se observa la situaci\u00f3n actual de los DDHH en Argentina.<\/p>\n<p>Esta actividad es una de las variadas iniciativas que se llevar\u00e1n a cabo en el marco del Mes de la Memoria. Se trata de una agenda organizada desde diferentes Organizaciones no gubernamentales de Derechos Humanos, instituciones gubernamentales y agrupaciones pol\u00edticas de la provincia de Catamarca.<\/p>\n","protected":false},"excerpt":{"rendered":"<p>Este mi\u00e9rcoles 6 de marzo se llevar\u00e1 a cabo el conversatorio \u201cMujer y Terrorismo de Estado\u201d, con el objetivo de<\/p>\n","protected":false},"author":1,"featured_media":12545,"comment_status":"closed","ping_status":"closed","sticky":false,"template":"","format":"standard","meta":{"footnotes":"","jetpack_publicize_message":"","jetpack_publicize_feature_enabled":true,"jetpack_social_post_already_shared":true,"jetpack_social_options":{"image_generator_settings":{"template":"highway","enabled":false},"version":2}},"categories":[2],"tags":[],"class_list":["post-12544","post","type-post","status-publish","format-standard","has-post-thumbnail","hentry","category-locales"],"jetpack_publicize_connections":[],"_links":{"self":[{"href":"https:\/\/diariorepublica.com.ar\/web\/index.php\/wp-json\/wp\/v2\/posts\/12544"}],"collection":[{"href":"https:\/\/diariorepublica.com.ar\/web\/index.php\/wp-json\/wp\/v2\/posts"}],"about":[{"href":"https:\/\/diariorepublica.com.ar\/web\/index.php\/wp-json\/wp\/v2\/types\/post"}],"author":[{"embeddable":true,"href":"https:\/\/diariorepublica.com.ar\/web\/index.php\/wp-json\/wp\/v2\/users\/1"}],"replies":[{"embeddable":true,"href":"https:\/\/diariorepublica.com.ar\/web\/index.php\/wp-json\/wp\/v2\/comments?post=12544"}],"version-history":[{"count":1,"href":"https:\/\/diariorepublica.com.ar\/web\/index.php\/wp-json\/wp\/v2\/posts\/12544\/revisions"}],"predecessor-version":[{"id":12546,"href":"https:\/\/diariorepublica.com.ar\/web\/index.php\/wp-json\/wp\/v2\/posts\/12544\/revisions\/12546"}],"wp:featuredmedia":[{"embeddable":true,"href":"https:\/\/diariorepublica.com.ar\/web\/index.php\/wp-json\/wp\/v2\/media\/12545"}],"wp:attachment":[{"href":"https:\/\/diariorepublica.com.ar\/web\/index.php\/wp-json\/wp\/v2\/media?parent=12544"}],"wp:term":[{"taxonomy":"category","embeddable":true,"href":"https:\/\/diariorepublica.com.ar\/web\/index.php\/wp-json\/wp\/v2\/categories?post=12544"},{"taxonomy":"post_tag","embeddable":true,"href":"https:\/\/diariorepublica.com.ar\/web\/index.php\/wp-json\/wp\/v2\/tags?post=12544"}],"curies":[{"name":"wp","href":"https:\/\/api.w.org\/{rel}","templated":true}]}}