{"id":12549,"date":"2024-03-06T08:13:35","date_gmt":"2024-03-06T11:13:35","guid":{"rendered":"https:\/\/diariorepublica.com.ar\/web\/?p=12549"},"modified":"2024-03-06T08:13:38","modified_gmt":"2024-03-06T11:13:38","slug":"jalil-violo-la-constitucion-con-las-ultimas-medidas-que-tomo","status":"publish","type":"post","link":"https:\/\/diariorepublica.com.ar\/web\/index.php\/politica\/2024\/03\/06\/jalil-violo-la-constitucion-con-las-ultimas-medidas-que-tomo\/","title":{"rendered":"\u201cJalil viol\u00f3 la Constituci\u00f3n con las \u00faltimas medidas que tom\u00f3\u201d"},"content":{"rendered":"<p>El bloque de Diputados de la Uni\u00f3n C\u00edvica Radical (UCR) expres\u00f3 su preocupaci\u00f3n ante las \u00faltimas medidas y anuncios del gobernador Ra\u00fal Jalil (UP) y aseguraron que \u00aben apenas una semana, viol\u00f3 la Constituci\u00f3n Provincial tres veces\u00bb. Apuntaron a la ampliaci\u00f3n presupuestaria sin consulta legislativa, el pase a planta de los puntos \u00edndice y el aumento en el descuento que tendr\u00e1n los empleados activos para el financiamiento de la AGAP.<\/p>\n<p>\u00abEn actos de arbitrariedad y desprecio por las normativas constitucionales y legislativas de la Provincia, Jalil asume funciones que no le competen\u00bb, cuestionaron. \u00abEste accionar irresponsable pone en peligro la estabilidad econ\u00f3mica y administrativa de la Provincia, cuando es esencial mantener el respeto por las instituciones democr\u00e1ticas y las leyes vigentes\u00bb, reclamaron y pidieron que \u00abse corrija este accionar y se respete la divisi\u00f3n de poderes, la Constituci\u00f3n, la integridad y el futuro de Catamarca\u00bb.<\/p>\n<p>Los diputados plantearon que la recepci\u00f3n por parte del Poder Ejecutivo de $3.000 millones provenientes del adelanto de utilidades de YMAD deb\u00eda contar con la intervenci\u00f3n y aprobaci\u00f3n legislativa. \u00abEsta acci\u00f3n, que viola el art\u00edculo n\u00ba13 de la Ley de Presupuestos, es un incremento presupuestario que debe ser tratado por la Legislatura\u00bb, remarcaron y aseguraron que esta situaci\u00f3n \u00abdespierta inquietudes sobre el procedimiento presupuestario y la transparencia del Gobierno\u00bb.<\/p>\n<p>Esto fue tras conocerse que el pr\u00f3ximo lunes 11 de marzo, YMAD aprobar\u00e1 este aporte extra a la Provincia producto de un remanente del balance de 2022.<\/p>\n<p>\u00cdndices y empleo<br \/>\nAdem\u00e1s, reclamaron que el gobernador Ra\u00fal Jalil, \u00aben un intento de manipulaci\u00f3n, busca hacernos creer que resuelve la cuestionable designaci\u00f3n de sus exfuncionarios y exlegisladores en el Poder Ejecutivo, transformando los \u00edndices en contratos de empleo p\u00fablico\u00bb. \u00abLa Constituci\u00f3n de Catamarca establece que la facultad de crear y suprimir empleos para la Administraci\u00f3n corresponde a la Legislatura\u00bb, remarcaron. En ese punto, recordaron que para este 2024 se fij\u00f3 en el Presupuesto la cantidad de 53.768 cargos entre permanentes y no permanentes, a los que se suman otros 16.500 cargos docentes, totalizando as\u00ed 70.268 agentes que prestan servicio en la Administraci\u00f3n P\u00fablica.<\/p>\n<p>Para los radicales, la decisi\u00f3n de transformar las cuestionadas designaciones de exfuncionarios y exlegisladores \u00abimplica un aumento unilateral de la cantidad de cargos presupuestarios para este ejercicio, o la rescisi\u00f3n de contratos en la Administraci\u00f3n P\u00fablica para dar cabida a los nombramientos pretendidos, en el peor de los casos\u00bb. \u00abEsa decisi\u00f3n provoca indignaci\u00f3n colectiva, no solo de la oposici\u00f3n sino de la sociedad que con dedicaci\u00f3n y esfuerzo impulsa y sostiene nuestra provincia\u00bb, remarcaron.<\/p>\n<p>Esto surgi\u00f3 en base a dichos del Gobernador, quien d\u00edas atr\u00e1s dijo que este a\u00f1o hay unos \u00ab300 puntos \u00edndice menos que el a\u00f1o pasado\u00bb y se\u00f1al\u00f3 que \u00aben tres meses pasar\u00e1n a empleo\u00bb.<\/p>\n<p>El financiamiento de AGAP<br \/>\nPor otra parte, remarcaron que el incremento en el porcentaje de descuento que recibir\u00e1n los empleados activos para financiar la AGAP es otra violaci\u00f3n a la Constituci\u00f3n. \u00abAumentaron los aportes a los empleados p\u00fablicos, culpando de ello a la depresi\u00f3n de salarios. Violan el art\u00edculo n\u00ba180 de la Constituci\u00f3n, ya que cualquier modificaci\u00f3n de este tipo corresponde ser remitida tambi\u00e9n la Legislatura para su aprobaci\u00f3n\u00bb, explicaron.<\/p>\n<p>\u00abEsta acci\u00f3n podr\u00eda comprometer el derecho de los jubilados a recibir el 82% m\u00f3vil de su jubilaci\u00f3n ordinaria\u00bb, agregaron.<\/p>\n","protected":false},"excerpt":{"rendered":"<p>El bloque de Diputados de la Uni\u00f3n C\u00edvica Radical (UCR) expres\u00f3 su preocupaci\u00f3n ante las \u00faltimas medidas y anuncios del<\/p>\n","protected":false},"author":2,"featured_media":12550,"comment_status":"closed","ping_status":"closed","sticky":false,"template":"","format":"standard","meta":{"footnotes":"","jetpack_publicize_message":"","jetpack_publicize_feature_enabled":true,"jetpack_social_post_already_shared":true,"jetpack_social_options":{"image_generator_settings":{"template":"highway","enabled":false},"version":2}},"categories":[12],"tags":[],"class_list":["post-12549","post","type-post","status-publish","format-standard","has-post-thumbnail","hentry","category-politica"],"jetpack_publicize_connections":[],"_links":{"self":[{"href":"https:\/\/diariorepublica.com.ar\/web\/index.php\/wp-json\/wp\/v2\/posts\/12549"}],"collection":[{"href":"https:\/\/diariorepublica.com.ar\/web\/index.php\/wp-json\/wp\/v2\/posts"}],"about":[{"href":"https:\/\/diariorepublica.com.ar\/web\/index.php\/wp-json\/wp\/v2\/types\/post"}],"author":[{"embeddable":true,"href":"https:\/\/diariorepublica.com.ar\/web\/index.php\/wp-json\/wp\/v2\/users\/2"}],"replies":[{"embeddable":true,"href":"https:\/\/diariorepublica.com.ar\/web\/index.php\/wp-json\/wp\/v2\/comments?post=12549"}],"version-history":[{"count":1,"href":"https:\/\/diariorepublica.com.ar\/web\/index.php\/wp-json\/wp\/v2\/posts\/12549\/revisions"}],"predecessor-version":[{"id":12551,"href":"https:\/\/diariorepublica.com.ar\/web\/index.php\/wp-json\/wp\/v2\/posts\/12549\/revisions\/12551"}],"wp:featuredmedia":[{"embeddable":true,"href":"https:\/\/diariorepublica.com.ar\/web\/index.php\/wp-json\/wp\/v2\/media\/12550"}],"wp:attachment":[{"href":"https:\/\/diariorepublica.com.ar\/web\/index.php\/wp-json\/wp\/v2\/media?parent=12549"}],"wp:term":[{"taxonomy":"category","embeddable":true,"href":"https:\/\/diariorepublica.com.ar\/web\/index.php\/wp-json\/wp\/v2\/categories?post=12549"},{"taxonomy":"post_tag","embeddable":true,"href":"https:\/\/diariorepublica.com.ar\/web\/index.php\/wp-json\/wp\/v2\/tags?post=12549"}],"curies":[{"name":"wp","href":"https:\/\/api.w.org\/{rel}","templated":true}]}}