{"id":12572,"date":"2024-03-06T09:07:27","date_gmt":"2024-03-06T12:07:27","guid":{"rendered":"https:\/\/diariorepublica.com.ar\/web\/?p=12572"},"modified":"2024-03-06T09:07:30","modified_gmt":"2024-03-06T12:07:30","slug":"habra-paro-universitario-nacional","status":"publish","type":"post","link":"https:\/\/diariorepublica.com.ar\/web\/index.php\/sociedad\/2024\/03\/06\/habra-paro-universitario-nacional\/","title":{"rendered":"Habr\u00e1 paro universitario nacional"},"content":{"rendered":"<p>El Frente Sindical Universitario, integrado por gremios docentes y no docentes de universidades p\u00fablicas, convoc\u00f3 a un paro naciomal para el 14 de marzo.<\/p>\n<p>El secretario de Organizaci\u00f3n de CONADU, la Federaci\u00f3n Nacimiento de Docentes Universitarios, explic\u00f3 que la medida de fuerza se da ante \u00abel desplante del gobierno nacional a la paritaria universitaria, en la que las autoridades impusieron por decreto un aumento de un 6% sobre la paritaria 2023, resultando en un atraso salarial del 50% en solo 90 d\u00edas de gobierno\u00bb.<\/p>\n<p>De ese modo, llamaron a \u201cun paro de 24 horas sin asistencia a los lugares de trabajo para el d\u00eda 14 de marzo con actividades de visibilizaci\u00f3n por todo el pa\u00eds\u00bb.<\/p>\n<p>A su vez, argument\u00f3 que la iniciativa es producto del \u00abcongelamiento del presupuesto universitario, la suspensi\u00f3n de las becas para estudiantes, el desguace en Ciencia y Tecnolog\u00eda, y la quita salarial del FONID para el nivel preuniversitario\u00bb.<\/p>\n<p>A esto lo catalog\u00f3 como \u00abun conjunto de medidas orientadas a asfixiar a las universidades p\u00fablicas\u00bb, por lo que responsabiliz\u00f3 al presidente Javier Milei y a los encargados del \u00e1rea educativa.<\/p>\n<p>\u00abEste paro es la continuidad del plan de lucha que comenzamos tras el fracaso de las paritarias y que venimos construyendo con importante participaci\u00f3n en asambleas en las distintas facultades de la UBA\u00bb, expres\u00f3 a su turno el secretario general de FEDUBA, Pablo Perazzi.<\/p>\n","protected":false},"excerpt":{"rendered":"<p>El Frente Sindical Universitario, integrado por gremios docentes y no docentes de universidades p\u00fablicas, convoc\u00f3 a un paro naciomal para<\/p>\n","protected":false},"author":2,"featured_media":12575,"comment_status":"closed","ping_status":"closed","sticky":false,"template":"","format":"standard","meta":{"footnotes":"","jetpack_publicize_message":"","jetpack_publicize_feature_enabled":true,"jetpack_social_post_already_shared":true,"jetpack_social_options":{"image_generator_settings":{"template":"highway","enabled":false},"version":2}},"categories":[3],"tags":[],"class_list":["post-12572","post","type-post","status-publish","format-standard","has-post-thumbnail","hentry","category-sociedad"],"jetpack_publicize_connections":[],"_links":{"self":[{"href":"https:\/\/diariorepublica.com.ar\/web\/index.php\/wp-json\/wp\/v2\/posts\/12572"}],"collection":[{"href":"https:\/\/diariorepublica.com.ar\/web\/index.php\/wp-json\/wp\/v2\/posts"}],"about":[{"href":"https:\/\/diariorepublica.com.ar\/web\/index.php\/wp-json\/wp\/v2\/types\/post"}],"author":[{"embeddable":true,"href":"https:\/\/diariorepublica.com.ar\/web\/index.php\/wp-json\/wp\/v2\/users\/2"}],"replies":[{"embeddable":true,"href":"https:\/\/diariorepublica.com.ar\/web\/index.php\/wp-json\/wp\/v2\/comments?post=12572"}],"version-history":[{"count":1,"href":"https:\/\/diariorepublica.com.ar\/web\/index.php\/wp-json\/wp\/v2\/posts\/12572\/revisions"}],"predecessor-version":[{"id":12576,"href":"https:\/\/diariorepublica.com.ar\/web\/index.php\/wp-json\/wp\/v2\/posts\/12572\/revisions\/12576"}],"wp:featuredmedia":[{"embeddable":true,"href":"https:\/\/diariorepublica.com.ar\/web\/index.php\/wp-json\/wp\/v2\/media\/12575"}],"wp:attachment":[{"href":"https:\/\/diariorepublica.com.ar\/web\/index.php\/wp-json\/wp\/v2\/media?parent=12572"}],"wp:term":[{"taxonomy":"category","embeddable":true,"href":"https:\/\/diariorepublica.com.ar\/web\/index.php\/wp-json\/wp\/v2\/categories?post=12572"},{"taxonomy":"post_tag","embeddable":true,"href":"https:\/\/diariorepublica.com.ar\/web\/index.php\/wp-json\/wp\/v2\/tags?post=12572"}],"curies":[{"name":"wp","href":"https:\/\/api.w.org\/{rel}","templated":true}]}}