{"id":12589,"date":"2024-03-07T09:01:16","date_gmt":"2024-03-07T12:01:16","guid":{"rendered":"https:\/\/diariorepublica.com.ar\/web\/?p=12589"},"modified":"2024-03-07T09:01:18","modified_gmt":"2024-03-07T12:01:18","slug":"espero-que-deje-de-pensar-en-sus-negocios-y-piense-en-la-gente","status":"publish","type":"post","link":"https:\/\/diariorepublica.com.ar\/web\/index.php\/politica\/2024\/03\/07\/espero-que-deje-de-pensar-en-sus-negocios-y-piense-en-la-gente\/","title":{"rendered":"\u00abEspero que deje de pensar en sus negocios y piense en la gente\u201d"},"content":{"rendered":"<p>El senador nacional Flavio Fama cuestion\u00f3 las pol\u00edticas econ\u00f3micas y sociales que est\u00e1 llevando adelante el gobierno provincial e insisti\u00f3 en que Ra\u00fal Jalil \u201ctiene las prioridades cambiadas\u00bb.<\/p>\n<p>\u00abEspero que deje de pensar en sus negocios y piense en la gente\u201d, apunt\u00f3 contra el mandatario en medio de la \u00faltima pol\u00e9mica por los cuestionamientos de la oposici\u00f3n sobre la calidad del agua distribuida por Aguas de Catamarca y la aprobaci\u00f3n del ENRE de un nuevo aumento del 296% en la tarifa del agua<\/p>\n<p>Fama apunt\u00f3 contra el gobernador por el, nuevamente, deplorable estado edilicio de las instituciones educativas cuando ya ha iniciado el ciclo lectivo 2024, y el conflicto salarial con los Docentes Autoconvocados. \u201cIndudablemente el inicio de las clases fue muy complicado en todo la provincia, sobre todo en algunos puntos importantes del interior. Las escuelas siguen en malas condiciones, como era de esperar y como de costumbre en los gobiernos Jalil. Los docentes siguen cobrando un salario con el que no llegan ni a mitad de mes\u201d, sostuvo el legislador.<\/p>\n","protected":false},"excerpt":{"rendered":"<p>El senador nacional Flavio Fama cuestion\u00f3 las pol\u00edticas econ\u00f3micas y sociales que est\u00e1 llevando adelante el gobierno provincial e insisti\u00f3<\/p>\n","protected":false},"author":2,"featured_media":12590,"comment_status":"closed","ping_status":"closed","sticky":false,"template":"","format":"standard","meta":{"footnotes":"","jetpack_publicize_message":"","jetpack_publicize_feature_enabled":true,"jetpack_social_post_already_shared":true,"jetpack_social_options":{"image_generator_settings":{"template":"highway","enabled":false},"version":2}},"categories":[12],"tags":[],"class_list":["post-12589","post","type-post","status-publish","format-standard","has-post-thumbnail","hentry","category-politica"],"jetpack_publicize_connections":[],"_links":{"self":[{"href":"https:\/\/diariorepublica.com.ar\/web\/index.php\/wp-json\/wp\/v2\/posts\/12589"}],"collection":[{"href":"https:\/\/diariorepublica.com.ar\/web\/index.php\/wp-json\/wp\/v2\/posts"}],"about":[{"href":"https:\/\/diariorepublica.com.ar\/web\/index.php\/wp-json\/wp\/v2\/types\/post"}],"author":[{"embeddable":true,"href":"https:\/\/diariorepublica.com.ar\/web\/index.php\/wp-json\/wp\/v2\/users\/2"}],"replies":[{"embeddable":true,"href":"https:\/\/diariorepublica.com.ar\/web\/index.php\/wp-json\/wp\/v2\/comments?post=12589"}],"version-history":[{"count":1,"href":"https:\/\/diariorepublica.com.ar\/web\/index.php\/wp-json\/wp\/v2\/posts\/12589\/revisions"}],"predecessor-version":[{"id":12591,"href":"https:\/\/diariorepublica.com.ar\/web\/index.php\/wp-json\/wp\/v2\/posts\/12589\/revisions\/12591"}],"wp:featuredmedia":[{"embeddable":true,"href":"https:\/\/diariorepublica.com.ar\/web\/index.php\/wp-json\/wp\/v2\/media\/12590"}],"wp:attachment":[{"href":"https:\/\/diariorepublica.com.ar\/web\/index.php\/wp-json\/wp\/v2\/media?parent=12589"}],"wp:term":[{"taxonomy":"category","embeddable":true,"href":"https:\/\/diariorepublica.com.ar\/web\/index.php\/wp-json\/wp\/v2\/categories?post=12589"},{"taxonomy":"post_tag","embeddable":true,"href":"https:\/\/diariorepublica.com.ar\/web\/index.php\/wp-json\/wp\/v2\/tags?post=12589"}],"curies":[{"name":"wp","href":"https:\/\/api.w.org\/{rel}","templated":true}]}}