{"id":12592,"date":"2024-03-07T09:18:54","date_gmt":"2024-03-07T12:18:54","guid":{"rendered":"https:\/\/diariorepublica.com.ar\/web\/?p=12592"},"modified":"2024-03-07T09:19:14","modified_gmt":"2024-03-07T12:19:14","slug":"hay-mucha-insensibilidad","status":"publish","type":"post","link":"https:\/\/diariorepublica.com.ar\/web\/index.php\/politica\/2024\/03\/07\/hay-mucha-insensibilidad\/","title":{"rendered":"\u00abHay mucha insensibilidad\u00bb"},"content":{"rendered":"<p>El intendente de la Capital, Gustavo Saadi, analiz\u00f3 la situaci\u00f3n econ\u00f3mica-social y dijo que teme que la Naci\u00f3n termine con super\u00e1vit y las provincias y los municipios desfinanciados. Se quej\u00f3 porque se anuncian medidas sin consensuar con los distintos niveles de gobierno lo que no permite tener previsibilidad en la gesti\u00f3n. Adem\u00e1s, opin\u00f3 que existe mucha insensibilidad por parte del Gobierno nacional a partir del impacto social de las medidas nacionales. Seg\u00fan su visi\u00f3n, el Gobernador tiene que participar en la reuni\u00f3n que se convoca para el 15 de marzo con el objeto de defender los recursos de la provincia.<\/p>\n<p>En di\u00e1logo con la prensa, el jefe comunal plante\u00f3 sus objeciones a las medidas del Gobierno nacional. En ese contexto, afirm\u00f3 que no est\u00e1 de acuerdo con los agravios del Presidente ni con los avances contra el federalismo y la buena relaci\u00f3n institucional.<\/p>\n<p>Saadi critic\u00f3 la falta de pol\u00edticas del Gobierno nacional para ayudar a la gente. \u00abHay mucha insensibilidad\u00bb, defini\u00f3. \u00abYo creo que se habla mucho de la macroeconom\u00eda que est\u00e1 bien, se le habla mucho a los mercados financieros que aparentemente est\u00e1n muy contentos, pero no, no se le habla a la gente, a la econom\u00eda real\u00bb<\/p>\n","protected":false},"excerpt":{"rendered":"<p>El intendente de la Capital, Gustavo Saadi, analiz\u00f3 la situaci\u00f3n econ\u00f3mica-social y dijo que teme que la Naci\u00f3n termine con<\/p>\n","protected":false},"author":2,"featured_media":12593,"comment_status":"closed","ping_status":"closed","sticky":false,"template":"","format":"standard","meta":{"footnotes":"","jetpack_publicize_message":"","jetpack_publicize_feature_enabled":true,"jetpack_social_post_already_shared":true,"jetpack_social_options":{"image_generator_settings":{"template":"highway","enabled":false},"version":2}},"categories":[12],"tags":[],"class_list":["post-12592","post","type-post","status-publish","format-standard","has-post-thumbnail","hentry","category-politica"],"jetpack_publicize_connections":[],"_links":{"self":[{"href":"https:\/\/diariorepublica.com.ar\/web\/index.php\/wp-json\/wp\/v2\/posts\/12592"}],"collection":[{"href":"https:\/\/diariorepublica.com.ar\/web\/index.php\/wp-json\/wp\/v2\/posts"}],"about":[{"href":"https:\/\/diariorepublica.com.ar\/web\/index.php\/wp-json\/wp\/v2\/types\/post"}],"author":[{"embeddable":true,"href":"https:\/\/diariorepublica.com.ar\/web\/index.php\/wp-json\/wp\/v2\/users\/2"}],"replies":[{"embeddable":true,"href":"https:\/\/diariorepublica.com.ar\/web\/index.php\/wp-json\/wp\/v2\/comments?post=12592"}],"version-history":[{"count":1,"href":"https:\/\/diariorepublica.com.ar\/web\/index.php\/wp-json\/wp\/v2\/posts\/12592\/revisions"}],"predecessor-version":[{"id":12594,"href":"https:\/\/diariorepublica.com.ar\/web\/index.php\/wp-json\/wp\/v2\/posts\/12592\/revisions\/12594"}],"wp:featuredmedia":[{"embeddable":true,"href":"https:\/\/diariorepublica.com.ar\/web\/index.php\/wp-json\/wp\/v2\/media\/12593"}],"wp:attachment":[{"href":"https:\/\/diariorepublica.com.ar\/web\/index.php\/wp-json\/wp\/v2\/media?parent=12592"}],"wp:term":[{"taxonomy":"category","embeddable":true,"href":"https:\/\/diariorepublica.com.ar\/web\/index.php\/wp-json\/wp\/v2\/categories?post=12592"},{"taxonomy":"post_tag","embeddable":true,"href":"https:\/\/diariorepublica.com.ar\/web\/index.php\/wp-json\/wp\/v2\/tags?post=12592"}],"curies":[{"name":"wp","href":"https:\/\/api.w.org\/{rel}","templated":true}]}}