{"id":12595,"date":"2024-03-07T09:40:21","date_gmt":"2024-03-07T12:40:21","guid":{"rendered":"https:\/\/diariorepublica.com.ar\/web\/?p=12595"},"modified":"2024-03-07T09:40:23","modified_gmt":"2024-03-07T12:40:23","slug":"la-falta-de-sensibilidad-de-este-gobierno-me-da-verguenza","status":"publish","type":"post","link":"https:\/\/diariorepublica.com.ar\/web\/index.php\/politica\/2024\/03\/07\/la-falta-de-sensibilidad-de-este-gobierno-me-da-verguenza\/","title":{"rendered":"\u201cLa falta de sensibilidad de este gobierno me da verg\u00fcenza\u201d"},"content":{"rendered":"<p>El diputado Nicol\u00e1s Zavaleta (Uni\u00f3n por la Patria) levant\u00f3 pol\u00e9mica en las redes sociales al postear una cr\u00edtica al Gobierno provincial. \u201cLa falta de sensibilidad de este gobierno me da verg\u00fcenza\u201d, escribi\u00f3 el legislador para luego agregar: \u201cGracias a mi viejo, a mi vieja y a Dios, tengo las suficientes pelotas para decirles que en tanto y en cuanto no asuman la put\u00edsima responsabilidad que les otorgaron para atender e intentar resolver las necesidades de quienes lo necesitan y sigan pelotudeando, yo voy a estar en contra. Si en alg\u00fan momento vuelven a los or\u00edgenes cuenten conmigo\u201d.<\/p>\n<p>El posteo gener\u00f3 un sinn\u00famero de repercusiones con comentarios a favor y en contra del legislador. No obstante, Zavaleta ratific\u00f3 sus dichos.<\/p>\n","protected":false},"excerpt":{"rendered":"<p>El diputado Nicol\u00e1s Zavaleta (Uni\u00f3n por la Patria) levant\u00f3 pol\u00e9mica en las redes sociales al postear una cr\u00edtica al Gobierno<\/p>\n","protected":false},"author":2,"featured_media":12596,"comment_status":"closed","ping_status":"closed","sticky":false,"template":"","format":"standard","meta":{"footnotes":"","jetpack_publicize_message":"","jetpack_publicize_feature_enabled":true,"jetpack_social_post_already_shared":true,"jetpack_social_options":{"image_generator_settings":{"template":"highway","enabled":false},"version":2}},"categories":[12],"tags":[],"class_list":["post-12595","post","type-post","status-publish","format-standard","has-post-thumbnail","hentry","category-politica"],"jetpack_publicize_connections":[],"_links":{"self":[{"href":"https:\/\/diariorepublica.com.ar\/web\/index.php\/wp-json\/wp\/v2\/posts\/12595"}],"collection":[{"href":"https:\/\/diariorepublica.com.ar\/web\/index.php\/wp-json\/wp\/v2\/posts"}],"about":[{"href":"https:\/\/diariorepublica.com.ar\/web\/index.php\/wp-json\/wp\/v2\/types\/post"}],"author":[{"embeddable":true,"href":"https:\/\/diariorepublica.com.ar\/web\/index.php\/wp-json\/wp\/v2\/users\/2"}],"replies":[{"embeddable":true,"href":"https:\/\/diariorepublica.com.ar\/web\/index.php\/wp-json\/wp\/v2\/comments?post=12595"}],"version-history":[{"count":1,"href":"https:\/\/diariorepublica.com.ar\/web\/index.php\/wp-json\/wp\/v2\/posts\/12595\/revisions"}],"predecessor-version":[{"id":12597,"href":"https:\/\/diariorepublica.com.ar\/web\/index.php\/wp-json\/wp\/v2\/posts\/12595\/revisions\/12597"}],"wp:featuredmedia":[{"embeddable":true,"href":"https:\/\/diariorepublica.com.ar\/web\/index.php\/wp-json\/wp\/v2\/media\/12596"}],"wp:attachment":[{"href":"https:\/\/diariorepublica.com.ar\/web\/index.php\/wp-json\/wp\/v2\/media?parent=12595"}],"wp:term":[{"taxonomy":"category","embeddable":true,"href":"https:\/\/diariorepublica.com.ar\/web\/index.php\/wp-json\/wp\/v2\/categories?post=12595"},{"taxonomy":"post_tag","embeddable":true,"href":"https:\/\/diariorepublica.com.ar\/web\/index.php\/wp-json\/wp\/v2\/tags?post=12595"}],"curies":[{"name":"wp","href":"https:\/\/api.w.org\/{rel}","templated":true}]}}