{"id":12599,"date":"2024-03-07T10:17:43","date_gmt":"2024-03-07T13:17:43","guid":{"rendered":"https:\/\/diariorepublica.com.ar\/web\/?p=12599"},"modified":"2024-03-07T10:17:46","modified_gmt":"2024-03-07T13:17:46","slug":"referentes-de-derechos-humanos-ofrecieron-una-charla-la-biblioteca-popular-manuel-ponferrada","status":"publish","type":"post","link":"https:\/\/diariorepublica.com.ar\/web\/index.php\/locales\/2024\/03\/07\/referentes-de-derechos-humanos-ofrecieron-una-charla-la-biblioteca-popular-manuel-ponferrada\/","title":{"rendered":"Referentes de Derechos Humanos ofrecieron una charla la Biblioteca Popular Manuel Ponferrada"},"content":{"rendered":"<p>Este mi\u00e9rcoles en la Biblioteca Popular Manuel Ponferrada se llev\u00f3 a cabo el conversatorio \u201cMujer y Terrorismo de Estado\u201d, con el objetivo de profundizar lo sucedido en Catamarca durante la \u00faltima dictadura militar.<\/p>\n<p>Se trata de un espacio que, en su cuarto a\u00f1o consecutivo, pretende recuperar las voces y abrir la conversaci\u00f3n con mujeres ex presas pol\u00edticas y referentes de los Derechos Humanos de nuestra provincia, contando as\u00ed con los testimonios de Lila Macedo, Cristina Ib\u00e1\u00f1ez y Coca Luj\u00e1n, quienes, desde sus experiencias, contaron c\u00f3mo se observa la situaci\u00f3n actual de los DDHH en Argentina.<\/p>\n<p>\u00abAs\u00ed como hay que cuidar la democracia, que es el mejor sistema de gobierno que podemos tener, tambi\u00e9n hay que controlarla. Por una democracia del pueblo, hecha por el pueblo y para el pueblo\u00bb, expres\u00f3 Lila Macedo durante su intervenci\u00f3n.<\/p>\n<p>La actividad, que se inscribe en el marco del Mes de la Memoria, fue organizada desde diferentes Organizaciones no gubernamentales de Derechos Humanos, instituciones gubernamentales y agrupaciones pol\u00edticas de la provincia de Catamarca, como La Obra, la Asamblea Permanente por los Derechos Humanos y la Vicegobernaci\u00f3n.<\/p>\n<p>La idea del encuentro fue la de visibilizar el impacto el terrorismo de Estado en las mujeres; en sus vidas, en sus v\u00ednculos, as\u00ed como dar cuenta de la dificultad a lo largo de los a\u00f1os posteriores, que signific\u00f3 para ellas poder relatar el horror que padecieron.<\/p>\n<p>Otro de los objetivos de este ciclo es poner en evidencia que Catamarca no fue una isla respecto al acontecer de aquellos fat\u00eddicos a\u00f1os, y que en definitiva a la provincia tambi\u00e9n lleg\u00f3 el plan sistem\u00e1tico del terror. Es por ese motivo que los testimonios de estas mujeres, primeras presas de Catamarca, y referentes desde hace a\u00f1os en materia de lucha por los derechos humanos, resultan tan importantes.<\/p>\n","protected":false},"excerpt":{"rendered":"<p>Este mi\u00e9rcoles en la Biblioteca Popular Manuel Ponferrada se llev\u00f3 a cabo el conversatorio \u201cMujer y Terrorismo de Estado\u201d, con<\/p>\n","protected":false},"author":1,"featured_media":12600,"comment_status":"closed","ping_status":"closed","sticky":false,"template":"","format":"standard","meta":{"footnotes":"","jetpack_publicize_message":"","jetpack_publicize_feature_enabled":true,"jetpack_social_post_already_shared":true,"jetpack_social_options":{"image_generator_settings":{"template":"highway","enabled":false},"version":2}},"categories":[2],"tags":[],"class_list":["post-12599","post","type-post","status-publish","format-standard","has-post-thumbnail","hentry","category-locales"],"jetpack_publicize_connections":[],"_links":{"self":[{"href":"https:\/\/diariorepublica.com.ar\/web\/index.php\/wp-json\/wp\/v2\/posts\/12599"}],"collection":[{"href":"https:\/\/diariorepublica.com.ar\/web\/index.php\/wp-json\/wp\/v2\/posts"}],"about":[{"href":"https:\/\/diariorepublica.com.ar\/web\/index.php\/wp-json\/wp\/v2\/types\/post"}],"author":[{"embeddable":true,"href":"https:\/\/diariorepublica.com.ar\/web\/index.php\/wp-json\/wp\/v2\/users\/1"}],"replies":[{"embeddable":true,"href":"https:\/\/diariorepublica.com.ar\/web\/index.php\/wp-json\/wp\/v2\/comments?post=12599"}],"version-history":[{"count":1,"href":"https:\/\/diariorepublica.com.ar\/web\/index.php\/wp-json\/wp\/v2\/posts\/12599\/revisions"}],"predecessor-version":[{"id":12601,"href":"https:\/\/diariorepublica.com.ar\/web\/index.php\/wp-json\/wp\/v2\/posts\/12599\/revisions\/12601"}],"wp:featuredmedia":[{"embeddable":true,"href":"https:\/\/diariorepublica.com.ar\/web\/index.php\/wp-json\/wp\/v2\/media\/12600"}],"wp:attachment":[{"href":"https:\/\/diariorepublica.com.ar\/web\/index.php\/wp-json\/wp\/v2\/media?parent=12599"}],"wp:term":[{"taxonomy":"category","embeddable":true,"href":"https:\/\/diariorepublica.com.ar\/web\/index.php\/wp-json\/wp\/v2\/categories?post=12599"},{"taxonomy":"post_tag","embeddable":true,"href":"https:\/\/diariorepublica.com.ar\/web\/index.php\/wp-json\/wp\/v2\/tags?post=12599"}],"curies":[{"name":"wp","href":"https:\/\/api.w.org\/{rel}","templated":true}]}}