{"id":12608,"date":"2024-03-07T12:27:23","date_gmt":"2024-03-07T15:27:23","guid":{"rendered":"https:\/\/diariorepublica.com.ar\/web\/?p=12608"},"modified":"2024-03-07T12:27:25","modified_gmt":"2024-03-07T15:27:25","slug":"el-colegio-cardenal-copello-avalo-a-javier-milei-y-se-despego-de-teresa-la-docente-que-dijo-haberle-dado-clases","status":"publish","type":"post","link":"https:\/\/diariorepublica.com.ar\/web\/index.php\/nacionales\/2024\/03\/07\/el-colegio-cardenal-copello-avalo-a-javier-milei-y-se-despego-de-teresa-la-docente-que-dijo-haberle-dado-clases\/","title":{"rendered":"El colegio Cardenal Copello aval\u00f3 a Javier Milei y se despeg\u00f3 de Teresa, la docente que dijo haberle dado clases"},"content":{"rendered":"<p>Una discusi\u00f3n impensada se dio tras el paso del presidente Javier Milei por el colegio Cardenal Copello, al que asisti\u00f3 de ni\u00f1o y adolescente. Es que entre el grupo de personas que se agolp\u00f3 en el exterior de la escuela hab\u00eda una se\u00f1ora de nombre Teresa, que dijo ser conocida como \u201cTechi\u201d y haberle dado clases al mandatario en cuarto grado, pero el l\u00edder libertario sali\u00f3 a cruzarla, la desminti\u00f3 y la tild\u00f3 de \u201cembustera\u201d. Sin embargo, eso no fue todo. Tambi\u00e9n hubo un comunicado de la instituci\u00f3n, firmado por la directora, donde se despegaron de la mujer.<\/p>\n<p>Mientras se aguardaba la llegada del Presidente, la mujer cont\u00f3 ante los medios algunas an\u00e9cdotas de Milei cuando era ni\u00f1o, dijo que le gustaba \u201cpelear mucho con los compa\u00f1eros\u201d y le pidi\u00f3 que no \u201capriete tanto a todos con el ajuste\u201d. Tras eso el Presidente la acus\u00f3 de \u201cgran farsante\u201d y \u201cmentirosa\u201d, al alegar que en realidad la se\u00f1ora le hab\u00eda dado clases a la otra divisi\u00f3n.<\/p>\n<div class=\"com-embed --twitter\">\n<div class=\"twitter-tweet twitter-tweet-rendered\"><iframe id=\"twitter-widget-0\" class=\"\" title=\"X Post\" src=\"https:\/\/platform.twitter.com\/embed\/Tweet.html?dnt=false&amp;embedId=twitter-widget-0&amp;features=eyJ0ZndfdGltZWxpbmVfbGlzdCI6eyJidWNrZXQiOltdLCJ2ZXJzaW9uIjpudWxsfSwidGZ3X2ZvbGxvd2VyX2NvdW50X3N1bnNldCI6eyJidWNrZXQiOnRydWUsInZlcnNpb24iOm51bGx9LCJ0ZndfdHdlZXRfZWRpdF9iYWNrZW5kIjp7ImJ1Y2tldCI6Im9uIiwidmVyc2lvbiI6bnVsbH0sInRmd19yZWZzcmNfc2Vzc2lvbiI6eyJidWNrZXQiOiJvbiIsInZlcnNpb24iOm51bGx9LCJ0ZndfZm9zbnJfc29mdF9pbnRlcnZlbnRpb25zX2VuYWJsZWQiOnsiYnVja2V0Ijoib24iLCJ2ZXJzaW9uIjpudWxsfSwidGZ3X21peGVkX21lZGlhXzE1ODk3Ijp7ImJ1Y2tldCI6InRyZWF0bWVudCIsInZlcnNpb24iOm51bGx9LCJ0ZndfZXhwZXJpbWVudHNfY29va2llX2V4cGlyYXRpb24iOnsiYnVja2V0IjoxMjA5NjAwLCJ2ZXJzaW9uIjpudWxsfSwidGZ3X3Nob3dfYmlyZHdhdGNoX3Bpdm90c19lbmFibGVkIjp7ImJ1Y2tldCI6Im9uIiwidmVyc2lvbiI6bnVsbH0sInRmd19kdXBsaWNhdGVfc2NyaWJlc190b19zZXR0aW5ncyI6eyJidWNrZXQiOiJvbiIsInZlcnNpb24iOm51bGx9LCJ0ZndfdXNlX3Byb2ZpbGVfaW1hZ2Vfc2hhcGVfZW5hYmxlZCI6eyJidWNrZXQiOiJvbiIsInZlcnNpb24iOm51bGx9LCJ0ZndfdmlkZW9faGxzX2R5bmFtaWNfbWFuaWZlc3RzXzE1MDgyIjp7ImJ1Y2tldCI6InRydWVfYml0cmF0ZSIsInZlcnNpb24iOm51bGx9LCJ0ZndfbGVnYWN5X3RpbWVsaW5lX3N1bnNldCI6eyJidWNrZXQiOnRydWUsInZlcnNpb24iOm51bGx9LCJ0ZndfdHdlZXRfZWRpdF9mcm9udGVuZCI6eyJidWNrZXQiOiJvbiIsInZlcnNpb24iOm51bGx9fQ%3D%3D&amp;frame=false&amp;hideCard=false&amp;hideThread=false&amp;id=1765531664732553451&amp;lang=es&amp;origin=https%3A%2F%2Fwww.lanacion.com.ar%2Fpolitica%2Fel-colegio-cardenal-copello-avalo-a-javier-milei-y-se-despego-de-teresa-la-docente-que-dijo-haberle-nid07032024%2F&amp;sessionId=161b5054d945064673d7a4f3431cabcf8455c33d&amp;theme=light&amp;widgetsVersion=2615f7e52b7e0%3A1702314776716&amp;width=550px\" frameborder=\"0\" scrolling=\"no\" allowfullscreen=\"allowfullscreen\" data-tweet-id=\"1765531664732553451\" data-mce-fragment=\"1\"><\/iframe><\/div>\n<\/div>\n<div class=\"hidden\"><\/div>\n<p class=\"com-paragraph   --s\">A esta pol\u00e9mica se sum\u00f3 un rato despu\u00e9s el colegio al que no solo asisti\u00f3 el jefe de Estado, sino tambi\u00e9n su hermana, la secretaria general de la Presidencia,\u00a0<strong>Karina Milei.<\/strong>\u00a0Desde el establecimiento le giraron una carta a ambos con el membrete oficial, el sello y la enmienda con el nombre de la directora,\u00a0<strong>Daniela Ezcurdia<\/strong>, que ayer precedi\u00f3 en la palabra al l\u00edder de La Libertad Avanza (LLA) durante el acto de comienzo de clases.<\/p>\n<div class=\"hidden\"><\/div>\n<p class=\"com-paragraph   --s\">\u201cNos dirigimos a ustedes para agradecerles su presencia como exalumnos de nuestra instituci\u00f3n en el inicio del ciclo lectivo 2024. Apreciamos los hermosos recuerdos escolares transmitidos por el Presidente en su discurso. Como directora general, y en nombre del equipo directivo, valoramos el gesto de su participaci\u00f3n\u201d, introdujeron en el escrito.<\/p>\n<div class=\"hidden\">\n<div class=\"mod-banner --middle_2_dsk  \">\n<div id=\"middle_2_dsk\" class=\"com-banner\" data-slot-group=\"nota\" data-device=\"desktop\" data-subscription=\"true\" data-ad-unit-path=\"\/133919216\/la_nacion_desktop\/Nota\/middle_2_dsk\" data-targeting=\"{&quot;sitio&quot;:&quot;lanacion&quot;,&quot;seccion&quot;:&quot;nota&quot;}\" data-without-hide=\"true\" data-size=\"[[1,1],[728,90]]\" data-sizemap=\"[]\" data-prebid-enabled=\"true\" data-google-query-id=\"\">\n<div id=\"google_ads_iframe_\/133919216\/la_nacion_desktop\/Nota\/middle_2_dsk_0__container__\"><\/div>\n<\/div>\n<\/div>\n<\/div>\n<div class=\"hidden\"><\/div>\n<div>\n<p class=\"com-paragraph   --s\">Ya para la mitad de la misiva hicieron referencia al caso de Teresa. \u201cEn nombre de los Hermanos de la Comunidad queremos aprovechar la oportunidad para aclarar que la maestra Teresa, que en el d\u00eda de la fecha realiz\u00f3 declaraciones p\u00fablicas sobre el presidente de la Naci\u00f3n,\u00a0<mark class=\"hl_underline\"><strong>no fue maestra del se\u00f1or Presidente<\/strong><\/mark>\u201d, sentenciaron.<\/p>\n<div class=\"hidden\"><\/div>\n<p class=\"com-paragraph   --s\">Adem\u00e1s, se corrieron de los dichos de la mujer ante los medios. \u201c<strong>Sus declaraciones no reflejan la posici\u00f3n de esta instituci\u00f3n<\/strong>\u00a0y lo expresado por la maestra Teresa es, de acuerdo a nuestra recolecci\u00f3n del paso del se\u00f1or Presidente por nuestra instituci\u00f3n,\u00a0<strong>incorrecto<\/strong>\u201d, sostuvieron desde el colegio con sede en el barrio porte\u00f1o de Villa Devoto.<\/p>\n<div class=\"hidden\"><\/div>\n<div class=\"content-media\">\n<section class=\"mod-media --zoom  \" role=\"button\">\n<figure class=\"mod-figure \" role=\"button\">\n<div class=\"placeholder \">\n<div class=\"com-image\"><picture><source srcset=\"https:\/\/resizer.glanacion.com\/resizer\/v2\/el-comunicado-del-colegio-PEJZG5CR3NEHBNJCFT46EAZ4YU.jpeg?auth=a703ab6e3eaa73a666cfd19dba9f8d8e8e1e3b41e847e339ed2be09f83c0e07f&amp;width=780&amp;height=1225&amp;quality=70&amp;smart=true\" media=\"(min-width: 768px)\" \/><img loading=\"lazy\" decoding=\"async\" class=\"image flex com-image --cover\" src=\"https:\/\/resizer.glanacion.com\/resizer\/v2\/el-comunicado-del-colegio-PEJZG5CR3NEHBNJCFT46EAZ4YU.jpeg?auth=a703ab6e3eaa73a666cfd19dba9f8d8e8e1e3b41e847e339ed2be09f83c0e07f&amp;width=420&amp;height=660&amp;quality=70&amp;smart=true\" alt=\"El comunicado del colegio Copello\" width=\"815\" height=\"1280\" \/><\/picture><\/div>\n<\/div><figcaption class=\"mod-figcaption\"><span class=\"com-text --caption --twoxs\">El comunicado del colegio Copello<\/span><\/figcaption><\/figure>\n<\/section>\n<\/div>\n<p class=\"com-paragraph   --s\">Para concluir la carta, desde la instituci\u00f3n agradecieron \u201cenormemente\u201d el gesto de Milei y cerraron: \u201cEsperamos poder volver a recibirlo cuando \u00e9l disponga. Siempre\u00a0<strong>tendr\u00e1 las puertas de nuestra instituci\u00f3n abiertas<\/strong>\u201d.<\/p>\n<div class=\"hidden\"><span class=\"com-partner  --xs\">LA NACION<\/span><\/div>\n<\/div>\n","protected":false},"excerpt":{"rendered":"<p>Una discusi\u00f3n impensada se dio tras el paso del presidente Javier Milei por el colegio Cardenal Copello, al que asisti\u00f3<\/p>\n","protected":false},"author":1,"featured_media":12609,"comment_status":"closed","ping_status":"closed","sticky":false,"template":"","format":"standard","meta":{"footnotes":"","jetpack_publicize_message":"","jetpack_publicize_feature_enabled":true,"jetpack_social_post_already_shared":true,"jetpack_social_options":{"image_generator_settings":{"template":"highway","enabled":false},"version":2}},"categories":[4],"tags":[],"class_list":["post-12608","post","type-post","status-publish","format-standard","has-post-thumbnail","hentry","category-nacionales"],"jetpack_publicize_connections":[],"_links":{"self":[{"href":"https:\/\/diariorepublica.com.ar\/web\/index.php\/wp-json\/wp\/v2\/posts\/12608"}],"collection":[{"href":"https:\/\/diariorepublica.com.ar\/web\/index.php\/wp-json\/wp\/v2\/posts"}],"about":[{"href":"https:\/\/diariorepublica.com.ar\/web\/index.php\/wp-json\/wp\/v2\/types\/post"}],"author":[{"embeddable":true,"href":"https:\/\/diariorepublica.com.ar\/web\/index.php\/wp-json\/wp\/v2\/users\/1"}],"replies":[{"embeddable":true,"href":"https:\/\/diariorepublica.com.ar\/web\/index.php\/wp-json\/wp\/v2\/comments?post=12608"}],"version-history":[{"count":1,"href":"https:\/\/diariorepublica.com.ar\/web\/index.php\/wp-json\/wp\/v2\/posts\/12608\/revisions"}],"predecessor-version":[{"id":12610,"href":"https:\/\/diariorepublica.com.ar\/web\/index.php\/wp-json\/wp\/v2\/posts\/12608\/revisions\/12610"}],"wp:featuredmedia":[{"embeddable":true,"href":"https:\/\/diariorepublica.com.ar\/web\/index.php\/wp-json\/wp\/v2\/media\/12609"}],"wp:attachment":[{"href":"https:\/\/diariorepublica.com.ar\/web\/index.php\/wp-json\/wp\/v2\/media?parent=12608"}],"wp:term":[{"taxonomy":"category","embeddable":true,"href":"https:\/\/diariorepublica.com.ar\/web\/index.php\/wp-json\/wp\/v2\/categories?post=12608"},{"taxonomy":"post_tag","embeddable":true,"href":"https:\/\/diariorepublica.com.ar\/web\/index.php\/wp-json\/wp\/v2\/tags?post=12608"}],"curies":[{"name":"wp","href":"https:\/\/api.w.org\/{rel}","templated":true}]}}