{"id":12614,"date":"2024-03-07T12:36:53","date_gmt":"2024-03-07T15:36:53","guid":{"rendered":"https:\/\/diariorepublica.com.ar\/web\/?p=12614"},"modified":"2024-03-07T12:36:55","modified_gmt":"2024-03-07T15:36:55","slug":"salud-encabezo-la-reunion-del-coe-ampliado-para-reforzar-acciones-contra-el-dengue","status":"publish","type":"post","link":"https:\/\/diariorepublica.com.ar\/web\/index.php\/sociedad\/2024\/03\/07\/salud-encabezo-la-reunion-del-coe-ampliado-para-reforzar-acciones-contra-el-dengue\/","title":{"rendered":"Salud encabez\u00f3 la reuni\u00f3n del COE ampliado para reforzar acciones contra el dengue"},"content":{"rendered":"<p>Con el objetivo de continuar reforzando las acciones de vigilancia y prevenci\u00f3n contra el Dengue, se reuni\u00f3 nuevamente el Comit\u00e9 de Operaciones de Emergencia (COE) Dengue en el Centro Integral de Salud. Durante la reuni\u00f3n, se expusieron los problemas identificados por las Brigadas en terreno, tanto por los agentes sanitarios como por los agentes del Municipio, en los barrios de la zona sur de la Capital.<\/p>\n<p>Al respecto, la secretaria de Medicina Preventiva y Promoci\u00f3n en Salud, Silvia Bustos, expres\u00f3: \u201cSe trat\u00f3, m\u00e1s que nada, de dep\u00f3sitos de chatarra relacionados con talleres, dificultades en la recolecci\u00f3n de residuos en algunos barrios, p\u00e9rdidas de agua, etc. Solicitamos a las instituciones presentes que, en lo posible, acompa\u00f1en el trabajo de rociado de las brigadas. El mismo ya culmin\u00f3 en el sur y en los pr\u00f3ximos d\u00edas iniciar\u00e1 en la zona norte\u201d.<\/p>\n<p>Adem\u00e1s, se propuso reforzar la prevenci\u00f3n en las escuelas de nivel primario mediante charlas, talleres y\/o clases alusivas, a trav\u00e9s del Ministerio de Educaci\u00f3n. Participaron Aguas de Catamarca, la Municipalidad de la Capital, Defensa Civil, el Ministerio de Educaci\u00f3n, la Facultad de Ciencias de la Salud y el Ministerio de Salud.<\/p>\n","protected":false},"excerpt":{"rendered":"<p>Con el objetivo de continuar reforzando las acciones de vigilancia y prevenci\u00f3n contra el Dengue, se reuni\u00f3 nuevamente el Comit\u00e9<\/p>\n","protected":false},"author":1,"featured_media":12615,"comment_status":"closed","ping_status":"closed","sticky":false,"template":"","format":"standard","meta":{"footnotes":"","jetpack_publicize_message":"","jetpack_publicize_feature_enabled":true,"jetpack_social_post_already_shared":true,"jetpack_social_options":{"image_generator_settings":{"template":"highway","enabled":false},"version":2}},"categories":[3],"tags":[],"class_list":["post-12614","post","type-post","status-publish","format-standard","has-post-thumbnail","hentry","category-sociedad"],"jetpack_publicize_connections":[],"_links":{"self":[{"href":"https:\/\/diariorepublica.com.ar\/web\/index.php\/wp-json\/wp\/v2\/posts\/12614"}],"collection":[{"href":"https:\/\/diariorepublica.com.ar\/web\/index.php\/wp-json\/wp\/v2\/posts"}],"about":[{"href":"https:\/\/diariorepublica.com.ar\/web\/index.php\/wp-json\/wp\/v2\/types\/post"}],"author":[{"embeddable":true,"href":"https:\/\/diariorepublica.com.ar\/web\/index.php\/wp-json\/wp\/v2\/users\/1"}],"replies":[{"embeddable":true,"href":"https:\/\/diariorepublica.com.ar\/web\/index.php\/wp-json\/wp\/v2\/comments?post=12614"}],"version-history":[{"count":1,"href":"https:\/\/diariorepublica.com.ar\/web\/index.php\/wp-json\/wp\/v2\/posts\/12614\/revisions"}],"predecessor-version":[{"id":12616,"href":"https:\/\/diariorepublica.com.ar\/web\/index.php\/wp-json\/wp\/v2\/posts\/12614\/revisions\/12616"}],"wp:featuredmedia":[{"embeddable":true,"href":"https:\/\/diariorepublica.com.ar\/web\/index.php\/wp-json\/wp\/v2\/media\/12615"}],"wp:attachment":[{"href":"https:\/\/diariorepublica.com.ar\/web\/index.php\/wp-json\/wp\/v2\/media?parent=12614"}],"wp:term":[{"taxonomy":"category","embeddable":true,"href":"https:\/\/diariorepublica.com.ar\/web\/index.php\/wp-json\/wp\/v2\/categories?post=12614"},{"taxonomy":"post_tag","embeddable":true,"href":"https:\/\/diariorepublica.com.ar\/web\/index.php\/wp-json\/wp\/v2\/tags?post=12614"}],"curies":[{"name":"wp","href":"https:\/\/api.w.org\/{rel}","templated":true}]}}