{"id":12635,"date":"2024-03-08T00:47:00","date_gmt":"2024-03-08T03:47:00","guid":{"rendered":"https:\/\/diariorepublica.com.ar\/web\/?p=12635"},"modified":"2024-03-08T07:48:07","modified_gmt":"2024-03-08T10:48:07","slug":"encuentro-cumbre-en-chubut-que-definieron-los-gobernadores-patagonicos","status":"publish","type":"post","link":"https:\/\/diariorepublica.com.ar\/web\/index.php\/nacionales\/2024\/03\/08\/encuentro-cumbre-en-chubut-que-definieron-los-gobernadores-patagonicos\/","title":{"rendered":"Encuentro cumbre en Chubut: qu\u00e9 definieron los gobernadores patag\u00f3nicos"},"content":{"rendered":"<article id=\"article-post\" class=\"first\">\n<div class=\"cuerpo\" data-twitter-link=\"https:\/\/twitter.com\/intent\/tweet?url=https:\/\/www.diariopopular.com.ar\/c776331&amp;via=poopulardiario&amp;related=Popular&amp;text=\">\n<p><strong>Gobernadores patag\u00f3nicos se reunieron este jueves en Chubut\u00a0<\/strong>para unificar posiciones de cara al\u00a0<strong>encuentro con el presidente Javier Milei<\/strong>. La segunda cumbre de mandatarios sure\u00f1os se desarroll\u00f3 en la ciudad de Puerto Madryn y, seg\u00fan se inform\u00f3, tuvo como ejes centrales a la nueva ley de coparticipaci\u00f3n, a la transici\u00f3n energ\u00e9tica, al fomento de la inversi\u00f3n privada y a la continuidad de la obra p\u00fablica.<\/p>\n<\/div>\n<\/article>\n<article id=\"article-post\">\n<div class=\"cuerpo\" data-twitter-link=\"https:\/\/twitter.com\/intent\/tweet?url=https:\/\/www.diariopopular.com.ar\/c776331&amp;via=poopulardiario&amp;related=Popular&amp;text=\">\n<p>La reuni\u00f3n se llev\u00f3 adelante en el Hotel Rayentray, ubicado en la costanera madrynense, donde se hizo presente el gobernador chubutense,<strong>\u00a0Ignacio Torres<\/strong>, quien fue el anfitri\u00f3n del encuentro al que asistieron los mandatarios de La Pampa,\u00a0<strong>Sergio Ziliotto<\/strong>; de Neuqu\u00e9n,\u00a0<strong>Rolando Figueroa<\/strong>; de R\u00edo Negro,\u00a0<strong>Alberto Weretilneck<\/strong>; de Santa Cruz,\u00a0<strong>Claudio Vidal<\/strong>; y de Tierra del Fuego,\u00a0<strong>Gustavo Melella<\/strong>.<\/p>\n<p>\u201cLa regi\u00f3n tiene un potencial que le permite un desarrollo sostenible y necesita desplegar una estructura acorde.\u00a0<strong>El ajuste fiscal, por s\u00ed s\u00f3lo, no garantiza ning\u00fan desarrollo. La producci\u00f3n, la inversi\u00f3n y el empleo deben estar en la agenda de los gobiernos<\/strong>\u201d, manifestaron los mandatarios provinciales a trav\u00e9s de un documento conjunto.<\/p>\n<p>En esa l\u00ednea, los gobernadores patag\u00f3nicos advirtieron: \u201cSi la determinaci\u00f3n pol\u00edtica del Gobierno nacional es\u00a0<strong>desertar en sus obligaciones en esa materia, cuanto menos, debe reponer un esquema de coparticipaci\u00f3n federal<\/strong>\u00a0de impuestos acorde a esas responsabilidades\u201d.<\/p>\n<div id=\"embed28_wrap\" class=\"embed_cont type_freetext\" contenteditable=\"false\">\n<div id=\"embed28_content\" class=\"embed_content\">\n<div id=\"embed28_embed\">\n<div class=\"twitter-tweet twitter-tweet-rendered\"><iframe id=\"twitter-widget-0\" class=\"\" title=\"X Post\" src=\"https:\/\/platform.twitter.com\/embed\/Tweet.html?creatorScreenName=diariopopular&amp;dnt=false&amp;embedId=twitter-widget-0&amp;features=eyJ0ZndfdGltZWxpbmVfbGlzdCI6eyJidWNrZXQiOltdLCJ2ZXJzaW9uIjpudWxsfSwidGZ3X2ZvbGxvd2VyX2NvdW50X3N1bnNldCI6eyJidWNrZXQiOnRydWUsInZlcnNpb24iOm51bGx9LCJ0ZndfdHdlZXRfZWRpdF9iYWNrZW5kIjp7ImJ1Y2tldCI6Im9uIiwidmVyc2lvbiI6bnVsbH0sInRmd19yZWZzcmNfc2Vzc2lvbiI6eyJidWNrZXQiOiJvbiIsInZlcnNpb24iOm51bGx9LCJ0ZndfZm9zbnJfc29mdF9pbnRlcnZlbnRpb25zX2VuYWJsZWQiOnsiYnVja2V0Ijoib24iLCJ2ZXJzaW9uIjpudWxsfSwidGZ3X21peGVkX21lZGlhXzE1ODk3Ijp7ImJ1Y2tldCI6InRyZWF0bWVudCIsInZlcnNpb24iOm51bGx9LCJ0ZndfZXhwZXJpbWVudHNfY29va2llX2V4cGlyYXRpb24iOnsiYnVja2V0IjoxMjA5NjAwLCJ2ZXJzaW9uIjpudWxsfSwidGZ3X3Nob3dfYmlyZHdhdGNoX3Bpdm90c19lbmFibGVkIjp7ImJ1Y2tldCI6Im9uIiwidmVyc2lvbiI6bnVsbH0sInRmd19kdXBsaWNhdGVfc2NyaWJlc190b19zZXR0aW5ncyI6eyJidWNrZXQiOiJvbiIsInZlcnNpb24iOm51bGx9LCJ0ZndfdXNlX3Byb2ZpbGVfaW1hZ2Vfc2hhcGVfZW5hYmxlZCI6eyJidWNrZXQiOiJvbiIsInZlcnNpb24iOm51bGx9LCJ0ZndfdmlkZW9faGxzX2R5bmFtaWNfbWFuaWZlc3RzXzE1MDgyIjp7ImJ1Y2tldCI6InRydWVfYml0cmF0ZSIsInZlcnNpb24iOm51bGx9LCJ0ZndfbGVnYWN5X3RpbWVsaW5lX3N1bnNldCI6eyJidWNrZXQiOnRydWUsInZlcnNpb24iOm51bGx9LCJ0ZndfdHdlZXRfZWRpdF9mcm9udGVuZCI6eyJidWNrZXQiOiJvbiIsInZlcnNpb24iOm51bGx9fQ%3D%3D&amp;frame=false&amp;hideCard=false&amp;hideThread=false&amp;id=1765802973618192865&amp;lang=en&amp;origin=https%3A%2F%2Fwww.diariopopular.com.ar%2Fpolitica%2Fencuentro-cumbre-chubut-que-definieron-los-gobernadores-patagonicos-n776331&amp;sessionId=c9f91e17953c6ed1d0349572c4d016ef81e63ac9&amp;siteScreenName=diariopopular&amp;theme=light&amp;widgetsVersion=2615f7e52b7e0%3A1702314776716&amp;width=550px\" frameborder=\"0\" scrolling=\"no\" allowfullscreen=\"allowfullscreen\" data-tweet-id=\"1765802973618192865\" data-gtm-yt-inspected-12=\"true\" data-mce-fragment=\"1\"><\/iframe><\/div>\n<\/div>\n<\/div>\n<div id=\"embed28_epigrafe\" class=\"embed_epigrafe\"><\/div>\n<div id=\"embed28_copyright\" class=\"embed_copyright\"><\/div>\n<\/div>\n<p>En tanto, en el documento, los gobernadores resolvieron \u201c<strong>asumir en plenitud las potestades reconocidas en la Constituci\u00f3n Nacional<\/strong>\u201d y proclamar \u201c<strong>la necesidad de llevar adelante un programa de desarrollo productivo gestado desde los propios estados<\/strong>\u201d provinciales.<\/p>\n<p>A su vez, aseguraron que\u00a0<strong>est\u00e1n dispuestos a acuerdos en la medida de que \u201cno vengan impuestos ni est\u00e9n precedidos de condicionamientos<\/strong>\u201d. \u201cReafirmamos ese compromiso, como as\u00ed tambi\u00e9n el de\u00a0<strong>defender las provincias ante cualquier intento de atropellar sus autonom\u00edas o menoscabar sus recursos<\/strong>\u201d, se\u00f1ala al documento de los gobernadores que participaron de la reuni\u00f3n.<\/p>\n<p>En ese contexto, durante una conferencia de prensa posterior a la reuni\u00f3n con sus pares, el gobernador de Chubut expres\u00f3: \u201cHoy tomamos la decisi\u00f3n de darle un\u00a0<strong>marco de gobernanza a la regi\u00f3n para ayudar a la Naci\u00f3n a salir adelante<\/strong>\u201d. \u201cEsto no es una discusi\u00f3n liberal, del PRO, peronista o radical, esto es<strong>\u00a0refundar de alguna manera las concepciones m\u00e1s b\u00e1sicas de un pa\u00eds federal. Venimos a mostrar que hay una Argentina productiva m\u00e1s all\u00e1 de la General Paz<\/strong>\u201d, complet\u00f3.<\/p>\n<\/div>\n<\/article>\n","protected":false},"excerpt":{"rendered":"<p>Gobernadores patag\u00f3nicos se reunieron este jueves en Chubut\u00a0para unificar posiciones de cara al\u00a0encuentro con el presidente Javier Milei. La segunda<\/p>\n","protected":false},"author":1,"featured_media":12636,"comment_status":"closed","ping_status":"closed","sticky":false,"template":"","format":"standard","meta":{"footnotes":"","jetpack_publicize_message":"","jetpack_publicize_feature_enabled":true,"jetpack_social_post_already_shared":true,"jetpack_social_options":{"image_generator_settings":{"template":"highway","enabled":false},"version":2}},"categories":[4],"tags":[],"class_list":["post-12635","post","type-post","status-publish","format-standard","has-post-thumbnail","hentry","category-nacionales"],"jetpack_publicize_connections":[],"_links":{"self":[{"href":"https:\/\/diariorepublica.com.ar\/web\/index.php\/wp-json\/wp\/v2\/posts\/12635"}],"collection":[{"href":"https:\/\/diariorepublica.com.ar\/web\/index.php\/wp-json\/wp\/v2\/posts"}],"about":[{"href":"https:\/\/diariorepublica.com.ar\/web\/index.php\/wp-json\/wp\/v2\/types\/post"}],"author":[{"embeddable":true,"href":"https:\/\/diariorepublica.com.ar\/web\/index.php\/wp-json\/wp\/v2\/users\/1"}],"replies":[{"embeddable":true,"href":"https:\/\/diariorepublica.com.ar\/web\/index.php\/wp-json\/wp\/v2\/comments?post=12635"}],"version-history":[{"count":1,"href":"https:\/\/diariorepublica.com.ar\/web\/index.php\/wp-json\/wp\/v2\/posts\/12635\/revisions"}],"predecessor-version":[{"id":12637,"href":"https:\/\/diariorepublica.com.ar\/web\/index.php\/wp-json\/wp\/v2\/posts\/12635\/revisions\/12637"}],"wp:featuredmedia":[{"embeddable":true,"href":"https:\/\/diariorepublica.com.ar\/web\/index.php\/wp-json\/wp\/v2\/media\/12636"}],"wp:attachment":[{"href":"https:\/\/diariorepublica.com.ar\/web\/index.php\/wp-json\/wp\/v2\/media?parent=12635"}],"wp:term":[{"taxonomy":"category","embeddable":true,"href":"https:\/\/diariorepublica.com.ar\/web\/index.php\/wp-json\/wp\/v2\/categories?post=12635"},{"taxonomy":"post_tag","embeddable":true,"href":"https:\/\/diariorepublica.com.ar\/web\/index.php\/wp-json\/wp\/v2\/tags?post=12635"}],"curies":[{"name":"wp","href":"https:\/\/api.w.org\/{rel}","templated":true}]}}