{"id":12640,"date":"2024-03-08T08:44:07","date_gmt":"2024-03-08T11:44:07","guid":{"rendered":"https:\/\/diariorepublica.com.ar\/web\/?p=12640"},"modified":"2024-03-08T08:44:10","modified_gmt":"2024-03-08T11:44:10","slug":"sigue-la-polemica-en-el-cd-de-icano","status":"publish","type":"post","link":"https:\/\/diariorepublica.com.ar\/web\/index.php\/sociedad\/2024\/03\/08\/sigue-la-polemica-en-el-cd-de-icano\/","title":{"rendered":"Sigue la pol\u00e9mica en el CD de Ica\u00f1o"},"content":{"rendered":"<p>El 5 de diciembre del a\u00f1o pasado se realiz\u00f3 una sesi\u00f3n en la que deb\u00eda asumir Ivana Ferreyra, pero qued\u00f3 trunca porque el presidente del cuerpo, Ariel Alderete, pidi\u00f3 un cuarto intermedio que se prolong\u00f3 hasta ayer.<\/p>\n<p>El edil de Juntos por el Cambio, Yamil Mansilla reclam\u00f3 ayer que se cumpliera con el tr\u00e1mite parlamentario y se permitiera la asunci\u00f3n de Ferreyra. \u00abLe pido que lo incluya en el orden del d\u00eda para que el cuerpo quede completo\u00bb, expres\u00f3. Reclam\u00f3 que ante la proximidad del d\u00eda de la Mujer se respetara el derecho de Ferreyra,<\/p>\n<p>Alderete ignor\u00f3 la propuesta, solo dijo que el concejal \u00c1ngel Pan\u00e1 hab\u00eda presentado una nota y decidi\u00f3 continuar la sesi\u00f3n con el mensaje de Franco Carletta.<\/p>\n<p>En ese momento, los ediles \u00c1ngel Pana y Mansilla se retiraron de la sesi\u00f3n y el cuerpo qued\u00f3 sin qu\u00f3rum ya que solo quedaron Alderete y la concejal Viviana Romano por el oficialismo.<\/p>\n<p>El CD de Recreo deber\u00eda contar con cinco concejales, con lo que el qu\u00f3rum es de tres.<\/p>\n<p>Ferreyra volvi\u00f3 a reclamar por la actitud del oficialismo para impedirle que desempe\u00f1e su rol como concejal.<\/p>\n","protected":false},"excerpt":{"rendered":"<p>El 5 de diciembre del a\u00f1o pasado se realiz\u00f3 una sesi\u00f3n en la que deb\u00eda asumir Ivana Ferreyra, pero qued\u00f3<\/p>\n","protected":false},"author":2,"featured_media":12647,"comment_status":"closed","ping_status":"closed","sticky":false,"template":"","format":"standard","meta":{"footnotes":"","jetpack_publicize_message":"","jetpack_publicize_feature_enabled":true,"jetpack_social_post_already_shared":true,"jetpack_social_options":{"image_generator_settings":{"template":"highway","enabled":false},"version":2}},"categories":[3],"tags":[],"class_list":["post-12640","post","type-post","status-publish","format-standard","has-post-thumbnail","hentry","category-sociedad"],"jetpack_publicize_connections":[],"_links":{"self":[{"href":"https:\/\/diariorepublica.com.ar\/web\/index.php\/wp-json\/wp\/v2\/posts\/12640"}],"collection":[{"href":"https:\/\/diariorepublica.com.ar\/web\/index.php\/wp-json\/wp\/v2\/posts"}],"about":[{"href":"https:\/\/diariorepublica.com.ar\/web\/index.php\/wp-json\/wp\/v2\/types\/post"}],"author":[{"embeddable":true,"href":"https:\/\/diariorepublica.com.ar\/web\/index.php\/wp-json\/wp\/v2\/users\/2"}],"replies":[{"embeddable":true,"href":"https:\/\/diariorepublica.com.ar\/web\/index.php\/wp-json\/wp\/v2\/comments?post=12640"}],"version-history":[{"count":1,"href":"https:\/\/diariorepublica.com.ar\/web\/index.php\/wp-json\/wp\/v2\/posts\/12640\/revisions"}],"predecessor-version":[{"id":12648,"href":"https:\/\/diariorepublica.com.ar\/web\/index.php\/wp-json\/wp\/v2\/posts\/12640\/revisions\/12648"}],"wp:featuredmedia":[{"embeddable":true,"href":"https:\/\/diariorepublica.com.ar\/web\/index.php\/wp-json\/wp\/v2\/media\/12647"}],"wp:attachment":[{"href":"https:\/\/diariorepublica.com.ar\/web\/index.php\/wp-json\/wp\/v2\/media?parent=12640"}],"wp:term":[{"taxonomy":"category","embeddable":true,"href":"https:\/\/diariorepublica.com.ar\/web\/index.php\/wp-json\/wp\/v2\/categories?post=12640"},{"taxonomy":"post_tag","embeddable":true,"href":"https:\/\/diariorepublica.com.ar\/web\/index.php\/wp-json\/wp\/v2\/tags?post=12640"}],"curies":[{"name":"wp","href":"https:\/\/api.w.org\/{rel}","templated":true}]}}