{"id":12641,"date":"2024-03-08T08:05:13","date_gmt":"2024-03-08T11:05:13","guid":{"rendered":"https:\/\/diariorepublica.com.ar\/web\/?p=12641"},"modified":"2024-03-08T08:05:16","modified_gmt":"2024-03-08T11:05:16","slug":"conto-que-se-salvo-de-que-la-secuestrara-hamas-al-decir-que-es-argentina-como-messi","status":"publish","type":"post","link":"https:\/\/diariorepublica.com.ar\/web\/index.php\/internacionales\/2024\/03\/08\/conto-que-se-salvo-de-que-la-secuestrara-hamas-al-decir-que-es-argentina-como-messi\/","title":{"rendered":"Cont\u00f3 que se salv\u00f3 de que la secuestrara Ham\u00e1s al decir que es argentina \u00abcomo Messi\u00bb"},"content":{"rendered":"<article id=\"article-post\" class=\"first\">\n<div class=\"cuerpo\" data-twitter-link=\"https:\/\/twitter.com\/intent\/tweet?url=https:\/\/www.diariopopular.com.ar\/c776315&amp;via=poopulardiario&amp;related=Popular&amp;text=\">\n<p>El relato conmueve por su contundencia y porque deja al descubierto que hasta las diferencias ideol\u00f3gicas o religiosas desaparecen cuando hay puntos de contacto. Es lo que le toc\u00f3 vivir a\u00a0<strong>Ester Cunio<\/strong>, una mujer de 90 a\u00f1os que sufri\u00f3 el ataque terrorista de\u00a0<strong>Ham\u00e1s<\/strong>\u00a0de octubre pasado en\u00a0<strong>Israel<\/strong>\u00a0y se salv\u00f3 por mencionar a\u00a0<strong>Lionel Messi<\/strong>.<\/p>\n<\/div>\n<\/article>\n<article id=\"article-post\">\n<div class=\"cuerpo\" data-twitter-link=\"https:\/\/twitter.com\/intent\/tweet?url=https:\/\/www.diariopopular.com.ar\/c776315&amp;via=poopulardiario&amp;related=Popular&amp;text=\">\n<p>En un video que se conoci\u00f3 en las \u00faltimas horas y se viraliz\u00f3 en redes, Cunio relat\u00f3 c\u00f3mo fueron los hechos que rozan el milagro, ya que de no haber apelado a ese recurso hoy podr\u00eda estar secuestrada o muerta.<\/p>\n<p><strong>\u00abSiento que me golpean la puerta y eran dos que me dicen: &#8216;\u00bfD\u00f3nde est\u00e1 tu familia?&#8217;. &#8216;Yo no tengo familia. Estoy yo sola&#8217;, le digo. &#8216;\u00bfNo ves? And\u00e1 a mirar'\u00bb<\/strong>, cont\u00f3 la abuela al medio Fuente Latina.<\/p>\n<p><strong>\u00abVos ven\u00eds conmigo. Ac\u00e1 va a estar todo prendido fuego\u00bb, le dijo uno de los terroristas que -rifle en mano- hab\u00eda irrumpido en su casa.<\/strong><\/p>\n<p>Lejos de amilanarse, Ester le dijo: \u00abNo me hables porque yo tu idioma no lo s\u00e9 y el hebreo lo hablo mal. Yo hablo en argentino, en castellano\u00bb. Ante esa aclaraci\u00f3n extra\u00f1a, el sujeto le pregunt\u00f3:\u00a0<strong>\u00ab\u00bfQu\u00e9 es Argentina?\u00bb<\/strong><\/p>\n<p><strong>\u00abLe digo &#8216;\u00bfVos mir\u00e1s f\u00fatbol?&#8217; y me responde: &#8216;S\u00ed. El f\u00fatbol me gusta&#8217;. &#8216;Yo soy de donde es Messi&#8217;. Y me contesta: &#8216;\u00bfMessi? A mi me gusta Messi&#8217;. Ah\u00ed me agarr\u00f3 del brazo, me dio el rev\u00f3lver (un rifle AK-47), me puso la mano as\u00ed -con los dedos en V- y nos sacaron una foto\u00bb<\/strong>, record\u00f3 como si se tratara de una pel\u00edcula o una serie b\u00e9lica.<\/p>\n<div id=\"695396-933706918_wrap\" class=\"embed_cont type_video\" contenteditable=\"false\">\n<div id=\"695396-933706918_content\" class=\"embed_content\">\n<div id=\"695396-933706918_embed\">\n<div id=\"mediaPlayer_695396-933706918\"><iframe loading=\"lazy\" src=\"https:\/\/www.diariopopular.com.ar\/services\/embed.php?idAdjunto=695396&amp;idAdjuntoTamano=0&amp;width=622&amp;height=351&amp;tipo=video\" width=\"622\" height=\"351\" frameborder=\"0\" scrolling=\"no\" allowfullscreen=\"allowfullscreen\" data-gtm-yt-inspected-11=\"true\" data-mce-fragment=\"1\"><\/iframe><\/div>\n<\/div>\n<\/div>\n<div id=\"695396-933706918_epigrafe\" class=\"embed_epigrafe\"><\/div>\n<div id=\"695396-933706918_copyright\" class=\"embed_copyright\"><\/div>\n<\/div>\n<p>Literalmente, el haber invocado al capit\u00e1n de la Selecci\u00f3n Argentina hizo cambiar de actitud a quien segundos antes estaba dispuesto a arrasar con su casa y llevarla cautiva.<\/p>\n<p>Sin embargo, su angustia es may\u00fascula porque parte de su familia no tuvo la misma suerte, en particular dos de sus nietos varones, David y Ariel.<\/p>\n<p><strong>\u00abSe fue y ahora espero que, si \u00e9l sabe que yo lo mencion\u00e9 y por \u00e9l me salv\u00e9, le pedir\u00eda por mis dos nietos que est\u00e1n ah\u00ed.<\/strong>\u00a0<strong>Le pedir\u00eda por favor que trate de sacarlos porque son chicos que valen oro. Uno David y otro Ariel Cunio\u00bb<\/strong>, cerr\u00f3 Ester en un mensaje que est\u00e1 dando la vuelta al mundo y quiz\u00e1s logre otro milagro de la mano de Messi y un deporte que une, como s\u00f3lo el f\u00fatbol puede hacerlo.<\/p>\n<\/div>\n<\/article>\n","protected":false},"excerpt":{"rendered":"<p>El relato conmueve por su contundencia y porque deja al descubierto que hasta las diferencias ideol\u00f3gicas o religiosas desaparecen cuando<\/p>\n","protected":false},"author":1,"featured_media":12642,"comment_status":"closed","ping_status":"closed","sticky":false,"template":"","format":"standard","meta":{"footnotes":"","jetpack_publicize_message":"","jetpack_publicize_feature_enabled":true,"jetpack_social_post_already_shared":true,"jetpack_social_options":{"image_generator_settings":{"template":"highway","enabled":false},"version":2}},"categories":[6],"tags":[],"class_list":["post-12641","post","type-post","status-publish","format-standard","has-post-thumbnail","hentry","category-internacionales"],"jetpack_publicize_connections":[],"_links":{"self":[{"href":"https:\/\/diariorepublica.com.ar\/web\/index.php\/wp-json\/wp\/v2\/posts\/12641"}],"collection":[{"href":"https:\/\/diariorepublica.com.ar\/web\/index.php\/wp-json\/wp\/v2\/posts"}],"about":[{"href":"https:\/\/diariorepublica.com.ar\/web\/index.php\/wp-json\/wp\/v2\/types\/post"}],"author":[{"embeddable":true,"href":"https:\/\/diariorepublica.com.ar\/web\/index.php\/wp-json\/wp\/v2\/users\/1"}],"replies":[{"embeddable":true,"href":"https:\/\/diariorepublica.com.ar\/web\/index.php\/wp-json\/wp\/v2\/comments?post=12641"}],"version-history":[{"count":1,"href":"https:\/\/diariorepublica.com.ar\/web\/index.php\/wp-json\/wp\/v2\/posts\/12641\/revisions"}],"predecessor-version":[{"id":12643,"href":"https:\/\/diariorepublica.com.ar\/web\/index.php\/wp-json\/wp\/v2\/posts\/12641\/revisions\/12643"}],"wp:featuredmedia":[{"embeddable":true,"href":"https:\/\/diariorepublica.com.ar\/web\/index.php\/wp-json\/wp\/v2\/media\/12642"}],"wp:attachment":[{"href":"https:\/\/diariorepublica.com.ar\/web\/index.php\/wp-json\/wp\/v2\/media?parent=12641"}],"wp:term":[{"taxonomy":"category","embeddable":true,"href":"https:\/\/diariorepublica.com.ar\/web\/index.php\/wp-json\/wp\/v2\/categories?post=12641"},{"taxonomy":"post_tag","embeddable":true,"href":"https:\/\/diariorepublica.com.ar\/web\/index.php\/wp-json\/wp\/v2\/tags?post=12641"}],"curies":[{"name":"wp","href":"https:\/\/api.w.org\/{rel}","templated":true}]}}