{"id":12665,"date":"2024-03-08T00:19:00","date_gmt":"2024-03-08T03:19:00","guid":{"rendered":"https:\/\/diariorepublica.com.ar\/web\/?p=12665"},"modified":"2024-03-08T09:20:15","modified_gmt":"2024-03-08T12:20:15","slug":"se-llevo-adelante-el-encuentro-de-mujeres-emprendedoras-del-poder-legislativo","status":"publish","type":"post","link":"https:\/\/diariorepublica.com.ar\/web\/index.php\/locales\/2024\/03\/08\/se-llevo-adelante-el-encuentro-de-mujeres-emprendedoras-del-poder-legislativo\/","title":{"rendered":"Se llev\u00f3 adelante el encuentro de mujeres emprendedoras del Poder Legislativo"},"content":{"rendered":"<p>Este jueves se llev\u00f3 adelante el Ciclo de Encuentros de Mujeres Emprendedoras de la C\u00e1mara de Senadores y la C\u00e1mara de Diputados, un \u00e1mbito de intercambio de experiencias para impulsar el crecimiento de muchas mujeres que llevan adelante proyectos productivos as\u00ed como de divulgaci\u00f3n para expandir la actividad emprendedora a nuevas personas interesadas.<\/p>\n<p>Estuvieron presentes junto al vicegobernador Rub\u00e9n Dusso la presidenta de la C\u00e1mara baja, Paola Fedeli, y las diputadas Adriana D\u00edaz, Mar\u00eda Argerich y Claudia Palladino, y el senador por Valle Viejo, Mario Gershani.<\/p>\n<p>La actividad se llev\u00f3 adelante en el anexo San Mart\u00edn de la C\u00e1mara de Senadores, y en el marco de las conmemoraciones y actividades por el 8M, D\u00eda Internacional de la Mujer Trabajadora, para fortalecer a las emprendedoras que pertenecen a la C\u00e1mara de Diputados y a la C\u00e1mara de Senadores, visibilizando y promocionando su trabajo.<\/p>\n<p>Con esta iniciativa impulsada desde la Vicegobernaci\u00f3n, se da inicio al ciclo de Mujeres y Econom\u00eda que busca fortalecer el rubro del emprendedurismo a trav\u00e9s de distintas jornadas que incluir\u00e1n capacitaciones, ferias y talleres.<\/p>\n<p>\u00abNo est\u00e1n solas\u00bb, expres\u00f3 el vicegobernador a las emprendedoras presentes, agregando que \u00abtanto la C\u00e1mara de Diputados, la C\u00e1mara de Senadores acompa\u00f1ar\u00e1 todo el tiempo en la tarea de emprender, reafirmando el valor de trabajar, ser solidarios y que la mujer siga ocupando los lugares que ha ganado y que no retrocedamos los derechos adquiridos\u00bb.<\/p>\n","protected":false},"excerpt":{"rendered":"<p>Este jueves se llev\u00f3 adelante el Ciclo de Encuentros de Mujeres Emprendedoras de la C\u00e1mara de Senadores y la C\u00e1mara<\/p>\n","protected":false},"author":1,"featured_media":12666,"comment_status":"closed","ping_status":"closed","sticky":false,"template":"","format":"standard","meta":{"footnotes":"","jetpack_publicize_message":"","jetpack_publicize_feature_enabled":true,"jetpack_social_post_already_shared":true,"jetpack_social_options":{"image_generator_settings":{"template":"highway","enabled":false},"version":2}},"categories":[2],"tags":[],"class_list":["post-12665","post","type-post","status-publish","format-standard","has-post-thumbnail","hentry","category-locales"],"jetpack_publicize_connections":[],"_links":{"self":[{"href":"https:\/\/diariorepublica.com.ar\/web\/index.php\/wp-json\/wp\/v2\/posts\/12665"}],"collection":[{"href":"https:\/\/diariorepublica.com.ar\/web\/index.php\/wp-json\/wp\/v2\/posts"}],"about":[{"href":"https:\/\/diariorepublica.com.ar\/web\/index.php\/wp-json\/wp\/v2\/types\/post"}],"author":[{"embeddable":true,"href":"https:\/\/diariorepublica.com.ar\/web\/index.php\/wp-json\/wp\/v2\/users\/1"}],"replies":[{"embeddable":true,"href":"https:\/\/diariorepublica.com.ar\/web\/index.php\/wp-json\/wp\/v2\/comments?post=12665"}],"version-history":[{"count":1,"href":"https:\/\/diariorepublica.com.ar\/web\/index.php\/wp-json\/wp\/v2\/posts\/12665\/revisions"}],"predecessor-version":[{"id":12667,"href":"https:\/\/diariorepublica.com.ar\/web\/index.php\/wp-json\/wp\/v2\/posts\/12665\/revisions\/12667"}],"wp:featuredmedia":[{"embeddable":true,"href":"https:\/\/diariorepublica.com.ar\/web\/index.php\/wp-json\/wp\/v2\/media\/12666"}],"wp:attachment":[{"href":"https:\/\/diariorepublica.com.ar\/web\/index.php\/wp-json\/wp\/v2\/media?parent=12665"}],"wp:term":[{"taxonomy":"category","embeddable":true,"href":"https:\/\/diariorepublica.com.ar\/web\/index.php\/wp-json\/wp\/v2\/categories?post=12665"},{"taxonomy":"post_tag","embeddable":true,"href":"https:\/\/diariorepublica.com.ar\/web\/index.php\/wp-json\/wp\/v2\/tags?post=12665"}],"curies":[{"name":"wp","href":"https:\/\/api.w.org\/{rel}","templated":true}]}}