{"id":12683,"date":"2024-03-08T11:15:42","date_gmt":"2024-03-08T14:15:42","guid":{"rendered":"https:\/\/diariorepublica.com.ar\/web\/?p=12683"},"modified":"2024-03-08T11:15:44","modified_gmt":"2024-03-08T14:15:44","slug":"sergio-romero-se-pierde-el-clasico-entre-boca-y-racing","status":"publish","type":"post","link":"https:\/\/diariorepublica.com.ar\/web\/index.php\/deportes\/2024\/03\/08\/sergio-romero-se-pierde-el-clasico-entre-boca-y-racing\/","title":{"rendered":"Sergio Romero se pierde el cl\u00e1sico entre Boca y Racing"},"content":{"rendered":"<p>La ma\u00f1ana del viernes de Boca arranc\u00f3 con noticias muy p\u00e1lidas que le hicieron fruncir el entrecejo a millones de hinchas.<b>\u00a0Sergio Romero,<\/b>\u00a0arquero titular indiscutible del equipo de Diego Mart\u00ednez,\u00a0<b>est\u00e1 descartado del cl\u00e1sico del domingo a las 21:30 horas contra Racing\u00a0<\/b>en La Bombonera a ra\u00edz de una molestia en el tal\u00f3n izquierdo. En consecuencia, el entrenador decidi\u00f3 que\u00a0<b>su reemplazante ser\u00e1 Javier Garc\u00eda<\/b>, el golero de 37 a\u00f1os que tambi\u00e9n pas\u00f3 por la Academia.<\/p>\n<p>El misionero\u00a0<b>se hab\u00eda hecho estudios durante la tarde del jueves porque sent\u00eda un dolor en la zona.<\/b>\u00a0No era un detalle menor que en la caminata de los futbolistas hacia el entrenamiento se lo notaba con una leve renguera y dificultad en su andar.<\/p>\n<p>Si bien todav\u00eda no se publicaron los resultados de aquellos an\u00e1lisis, lo cierto es que Chiquito\u00a0<b>regres\u00f3 a Ezeiza este viernes con el tal\u00f3n zurdo hinchado\u00a0<\/b>y una molestia que todav\u00eda no pudo paliar. Por lo tanto,\u00a0<b>el cuerpo t\u00e9cnico resolvi\u00f3 que lo mejor ser\u00e1 preservarlo<\/b>\u00a0y que no juegue el duelo ante el elenco de Gustavo Costas, por la d\u00e9cima jornada de la Copa de la Liga Profesional.<\/p>\n<p>Aunque ya se sabe que\u00a0<b>Leandro Brey\u00a0<\/b>-arquero de la Selecci\u00f3n Argentina en el Preol\u00edmpico Sub-23 de Venezuela- es uno de los proyectos m\u00e1s fuertes que tiene Boca para el momento en que Chiquito decida marcharse,\u00a0<b>la informaci\u00f3n marca que este fin de semana el arco estar\u00e1 custodiado por Javier Garc\u00eda.<\/b>\u00a0El otrora arquero de Los Andes ir\u00e1 al banco de suplentes. Es posible que ataje contra Central Norte de Salta en los 32avos de final de la Copa Argentina.<\/p>\n<p>El ex-Tigre todav\u00eda no sum\u00f3 minutos en el actual torneo local. La \u00faltima vez que tuvo rodaje bajo los tres palos fue el\u00a0<b>28 de octubre del a\u00f1o pasado<\/b>, en el empate sin goles frente a Estudiantes de La Plata, correspondiente a la fecha 11 del certamen dom\u00e9stico. Ahora tendr\u00e1 una nueva oportunidad contra el cuadro de Avellaneda, en el que<b> disput\u00f3 14 compromisos entre 2017 y 2020 y sali\u00f3 campe\u00f3n de la Superliga<\/b><\/p>\n<p>tysports.com<\/p>\n","protected":false},"excerpt":{"rendered":"<p>La ma\u00f1ana del viernes de Boca arranc\u00f3 con noticias muy p\u00e1lidas que le hicieron fruncir el entrecejo a millones de<\/p>\n","protected":false},"author":1,"featured_media":12684,"comment_status":"closed","ping_status":"closed","sticky":false,"template":"","format":"standard","meta":{"footnotes":"","jetpack_publicize_message":"","jetpack_publicize_feature_enabled":true,"jetpack_social_post_already_shared":true,"jetpack_social_options":{"image_generator_settings":{"template":"highway","enabled":false},"version":2}},"categories":[9],"tags":[],"class_list":["post-12683","post","type-post","status-publish","format-standard","has-post-thumbnail","hentry","category-deportes"],"jetpack_publicize_connections":[],"_links":{"self":[{"href":"https:\/\/diariorepublica.com.ar\/web\/index.php\/wp-json\/wp\/v2\/posts\/12683"}],"collection":[{"href":"https:\/\/diariorepublica.com.ar\/web\/index.php\/wp-json\/wp\/v2\/posts"}],"about":[{"href":"https:\/\/diariorepublica.com.ar\/web\/index.php\/wp-json\/wp\/v2\/types\/post"}],"author":[{"embeddable":true,"href":"https:\/\/diariorepublica.com.ar\/web\/index.php\/wp-json\/wp\/v2\/users\/1"}],"replies":[{"embeddable":true,"href":"https:\/\/diariorepublica.com.ar\/web\/index.php\/wp-json\/wp\/v2\/comments?post=12683"}],"version-history":[{"count":1,"href":"https:\/\/diariorepublica.com.ar\/web\/index.php\/wp-json\/wp\/v2\/posts\/12683\/revisions"}],"predecessor-version":[{"id":12685,"href":"https:\/\/diariorepublica.com.ar\/web\/index.php\/wp-json\/wp\/v2\/posts\/12683\/revisions\/12685"}],"wp:featuredmedia":[{"embeddable":true,"href":"https:\/\/diariorepublica.com.ar\/web\/index.php\/wp-json\/wp\/v2\/media\/12684"}],"wp:attachment":[{"href":"https:\/\/diariorepublica.com.ar\/web\/index.php\/wp-json\/wp\/v2\/media?parent=12683"}],"wp:term":[{"taxonomy":"category","embeddable":true,"href":"https:\/\/diariorepublica.com.ar\/web\/index.php\/wp-json\/wp\/v2\/categories?post=12683"},{"taxonomy":"post_tag","embeddable":true,"href":"https:\/\/diariorepublica.com.ar\/web\/index.php\/wp-json\/wp\/v2\/tags?post=12683"}],"curies":[{"name":"wp","href":"https:\/\/api.w.org\/{rel}","templated":true}]}}